{"id":844,"date":"2022-03-20T01:43:52","date_gmt":"2022-03-20T04:43:52","guid":{"rendered":"https:\/\/wp.digitaltv.com.ar\/?p=844"},"modified":"2022-03-20T12:12:47","modified_gmt":"2022-03-20T15:12:47","slug":"suiza-se-ofrece-para-mediar-o-albergar-negociaciones-de-paz-entre-ucrania-y-rusia","status":"publish","type":"post","link":"https:\/\/news.digitaltv.com.ar\/?p=844","title":{"rendered":"Suiza se ofrece para mediar o albergar negociaciones de paz entre Ucrania y Rusia"},"content":{"rendered":"\n<p>El gobierno de Suiza anunci\u00f3 que esa rep\u00fablica puede ejercer &#8220;un papel de<br>mediadora entre bastidores&#8221; o &#8220;albergar negociaciones&#8221; entre Rusia y<br>Ucrania para resolver el conflicto generado por la invasi\u00f3n rusa iniciada<br>hace 24 d\u00edas.<br>As\u00ed lo inform\u00f3 hoy el presidente suizo, Ignazio Cassis, durante una<br>manifestaci\u00f3n en Berna en apoyo a la paz en Ucrania al destacar que &#8220;Suiza<br>combina la neutralidad con una tradici\u00f3n humanitaria&#8221;.<br>&#8220;Es un pa\u00eds peque\u00f1o que apuesta decididamente por la libertad&#8221;, a\u00f1adi\u00f3 en<br>declaraciones reproducidas por la emisora RTS y la agencia Europa Press.<br>Y, revel\u00f3 que Suiza &#8220;est\u00e1 lista para desempe\u00f1ar un papel de mediadora entre<br>bastidores o para albergar negociaciones&#8221;.<br>El presidente suizo expres\u00f3 su esperanza de que las armas &#8220;se silencien<br>r\u00e1pidamente&#8221; y destac\u00f3 que &#8220;la gente est\u00e1 profundamente impresionada por el<br>coraje del pueblo ucraniano que lucha por la democracia y la libertad, as\u00ed<br>como por su determinaci\u00f3n de enfrentarse a la opresi\u00f3n y defender los<br>valores fundamentales del mundo libre, que tambi\u00e9n son los nuestros&#8221;.<br>Cassis anunci\u00f3 tambi\u00e9n que el lunes viajar\u00e1 a Polonia y Moldavia, pa\u00edses<br>vecinos a Ucrania, para conocer en persona la situaci\u00f3n de los refugiados y<br>la ayuda humanitaria que env\u00eda Suiza.<\/p>\n","protected":false},"excerpt":{"rendered":"<p>El gobierno de Suiza anunci\u00f3 que esa rep\u00fablica puede ejercer &#8220;un papel demediadora entre bastidores&#8221; o &#8220;albergar negociaciones&#8221; entre Rusia yUcrania para resolver el conflicto generado por la invasi\u00f3n rusa iniciadahace 24 d\u00edas.As\u00ed lo inform\u00f3 hoy el presidente suizo, Ignazio Cassis, durante unamanifestaci\u00f3n en Berna en apoyo a la paz en Ucrania al destacar que [&hellip;]<\/p>\n","protected":false},"author":8,"featured_media":845,"comment_status":"open","ping_status":"open","sticky":false,"template":"","format":"standard","meta":{"_monsterinsights_skip_tracking":false,"_monsterinsights_sitenote_active":false,"_monsterinsights_sitenote_note":"","_monsterinsights_sitenote_category":0,"footnotes":""},"categories":[150,6],"tags":[160],"class_list":["post-844","post","type-post","status-publish","format-standard","has-post-thumbnail","hentry","category-actualidad","category-politica","tag-160"],"_links":{"self":[{"href":"https:\/\/news.digitaltv.com.ar\/index.php?rest_route=\/wp\/v2\/posts\/844","targetHints":{"allow":["GET"]}}],"collection":[{"href":"https:\/\/news.digitaltv.com.ar\/index.php?rest_route=\/wp\/v2\/posts"}],"about":[{"href":"https:\/\/news.digitaltv.com.ar\/index.php?rest_route=\/wp\/v2\/types\/post"}],"author":[{"embeddable":true,"href":"https:\/\/news.digitaltv.com.ar\/index.php?rest_route=\/wp\/v2\/users\/8"}],"replies":[{"embeddable":true,"href":"https:\/\/news.digitaltv.com.ar\/index.php?rest_route=%2Fwp%2Fv2%2Fcomments&post=844"}],"version-history":[{"count":1,"href":"https:\/\/news.digitaltv.com.ar\/index.php?rest_route=\/wp\/v2\/posts\/844\/revisions"}],"predecessor-version":[{"id":846,"href":"https:\/\/news.digitaltv.com.ar\/index.php?rest_route=\/wp\/v2\/posts\/844\/revisions\/846"}],"wp:featuredmedia":[{"embeddable":true,"href":"https:\/\/news.digitaltv.com.ar\/index.php?rest_route=\/wp\/v2\/media\/845"}],"wp:attachment":[{"href":"https:\/\/news.digitaltv.com.ar\/index.php?rest_route=%2Fwp%2Fv2%2Fmedia&parent=844"}],"wp:term":[{"taxonomy":"category","embeddable":true,"href":"https:\/\/news.digitaltv.com.ar\/index.php?rest_route=%2Fwp%2Fv2%2Fcategories&post=844"},{"taxonomy":"post_tag","embeddable":true,"href":"https:\/\/news.digitaltv.com.ar\/index.php?rest_route=%2Fwp%2Fv2%2Ftags&post=844"}],"curies":[{"name":"wp","href":"https:\/\/api.w.org\/{rel}","templated":true}]}}