{"id":8443,"date":"2023-04-15T10:27:45","date_gmt":"2023-04-15T13:27:45","guid":{"rendered":"https:\/\/news.digitaltv.com.ar\/?p=8443"},"modified":"2023-04-18T08:56:10","modified_gmt":"2023-04-18T11:56:10","slug":"el-cambio-climatico-acelera-la-frecuencia-de-las-sequias-repentinas-segun-un-estudio","status":"publish","type":"post","link":"https:\/\/news.digitaltv.com.ar\/?p=8443","title":{"rendered":"EL CAMBIO CLIM\u00c1TICO ACELERA LA FRECUENCIA DE LAS SEQU\u00cdAS REPENTINAS, SEG\u00daN UN ESTUDIO"},"content":{"rendered":"\n<p>El cambio clim\u00e1tico, causado por la actividad humana, aceler\u00f3 la frecuencia con que ocurren las &#8220;sequ\u00edas repentinas&#8221;, m\u00e1s dif\u00edciles de prever, y ante las que es m\u00e1s complicado adaptarse, advierte un estudio publicado hoy en la revista Science.<\/p>\n\n\n\n<p>Aunque generalmente se considera a las sequ\u00edas como un fen\u00f3meno de largo plazo, algunas pueden aparecer de manera m\u00e1s repentina, en pocas semanas, bajo ciertas condiciones, consigna la agencia de noticas AFP.<\/p>\n\n\n\n<p>El cambio clim\u00e1tico favorece algunas de esas condiciones: la falta de precipitaciones en algunas zonas y una mayor evaporaci\u00f3n, relacionadas con m\u00e1s altas temperaturas, tienden a secar los suelos m\u00e1s r\u00e1pidamente.<\/p>\n\n\n\n<p>Para este estudio publicado en la revista Science, los investigadores analizaron datos de observaciones satelitales y humedad de las tierras en un per\u00edodo de m\u00e1s de 60 a\u00f1os (1951-2014).<\/p>\n\n\n\n<p>Las sequ\u00edas repentinas aumentan &#8220;en particular en Europa, en el norte y el este de Asia, el Sahel, y sobre la costa oeste de Sudam\u00e9rica&#8221;, declar\u00f3 a la AFP Xing Yuan, principal autor del estudio y profesor en China en la universidad de ciencias de la informaci\u00f3n y tecnolog\u00eda Nankin.<\/p>\n\n\n\n<p>Son &#8220;peligrosas por su r\u00e1pida aparici\u00f3n, que no deja suficiente tiempo para prepararse&#8221;, agreg\u00f3.<\/p>\n\n\n\n<p>El estudio muestra que tambi\u00e9n aument\u00f3 la frecuencia de las sequ\u00edas cl\u00e1sicas en la mayor\u00eda de regiones, que tienden a producirse con mayor rapidez.<\/p>\n\n\n\n<p>Existe una verdadera &#8220;transici\u00f3n de las sequ\u00edas lentas hacia las sequ\u00edas repentinas&#8221;, se\u00f1ala Yuan.<\/p>\n\n\n\n<p>Los cient\u00edficos calcularon los impactos que tendr\u00edan diferentes escenarios de emisiones de gases de efecto invernadero sobre las sequ\u00edas repentinas, gracias a modelos clim\u00e1ticos.<\/p>\n\n\n\n<p>Si las emisiones son moderadas, la tendencia a que aumente el n\u00famero de sequ\u00edas repentinas deber\u00eda de todas maneras reforzarse en todas las regiones del mundo. Si los niveles de emisiones son m\u00e1s altos, esta tendencia crecer\u00e1 a\u00fan m\u00e1s.<\/p>\n\n\n\n<p>&#8220;Pensamos que la reducci\u00f3n de las emisiones puede ralentizar esta transici\u00f3n&#8221; hacia m\u00e1s sequ\u00edas repentinas, dijo Yuan.<\/p>\n\n\n\n<p>El concepto de sequ\u00eda repentina apareci\u00f3 al principio del siglo XXI, pero recibi\u00f3 sobre todo atenci\u00f3n desde la sequ\u00eda del verano de 2021 en Estados Unidos, que se instal\u00f3 particularmente r\u00e1pido y caus\u00f3 m\u00e1s de 30.000 millones de d\u00f3lares de p\u00e9rdidas, agrega AFP.<\/p>\n\n\n\n<p>&#8220;La advertencia&#8221; del estudio &#8220;debe ser tomada en serio&#8221;, declar\u00f3 David Walker, investigador en la universidad de Wageningue, en Pa\u00edses Bajos, quien no particip\u00f3 en el informe publicado en Science.<\/p>\n\n\n\n<p>Las regiones particularmente afectadas por las sequ\u00edas repentinas se encuentran en buena medida en pa\u00edses de bajos ingresos, donde la poblaci\u00f3n carece de recursos para enfrentar esos eventos clim\u00e1ticos extremos, se\u00f1ala.<\/p>\n\n\n\n<p>La severidad del impacto en las culturas depende en buena parte del momento en que ocurre la sequ\u00eda.<\/p>\n\n\n\n<p>De momento, se publica una vez por mes una cartograf\u00eda de las sequ\u00edas, pero ahora &#8220;son necesarios m\u00e9todos de detecci\u00f3n de sequ\u00edas que operan sobre escalas de tiempos m\u00e1s cortas&#8221;, resalta Walker, para poder intentar predecir estos fen\u00f3menos.<\/p>\n","protected":false},"excerpt":{"rendered":"<p>El cambio clim\u00e1tico, causado por la actividad humana, aceler\u00f3 la frecuencia con que ocurren las &#8220;sequ\u00edas repentinas&#8221;, m\u00e1s dif\u00edciles de prever, y ante las que es m\u00e1s complicado adaptarse, advierte un estudio publicado hoy en la revista Science. Aunque generalmente se considera a las sequ\u00edas como un fen\u00f3meno de largo plazo, algunas pueden aparecer de [&hellip;]<\/p>\n","protected":false},"author":1,"featured_media":8444,"comment_status":"open","ping_status":"open","sticky":false,"template":"","format":"standard","meta":{"_monsterinsights_skip_tracking":false,"_monsterinsights_sitenote_active":false,"_monsterinsights_sitenote_note":"","_monsterinsights_sitenote_category":0,"footnotes":""},"categories":[150],"tags":[158],"class_list":["post-8443","post","type-post","status-publish","format-standard","has-post-thumbnail","hentry","category-actualidad","tag-158"],"_links":{"self":[{"href":"https:\/\/news.digitaltv.com.ar\/index.php?rest_route=\/wp\/v2\/posts\/8443","targetHints":{"allow":["GET"]}}],"collection":[{"href":"https:\/\/news.digitaltv.com.ar\/index.php?rest_route=\/wp\/v2\/posts"}],"about":[{"href":"https:\/\/news.digitaltv.com.ar\/index.php?rest_route=\/wp\/v2\/types\/post"}],"author":[{"embeddable":true,"href":"https:\/\/news.digitaltv.com.ar\/index.php?rest_route=\/wp\/v2\/users\/1"}],"replies":[{"embeddable":true,"href":"https:\/\/news.digitaltv.com.ar\/index.php?rest_route=%2Fwp%2Fv2%2Fcomments&post=8443"}],"version-history":[{"count":1,"href":"https:\/\/news.digitaltv.com.ar\/index.php?rest_route=\/wp\/v2\/posts\/8443\/revisions"}],"predecessor-version":[{"id":8445,"href":"https:\/\/news.digitaltv.com.ar\/index.php?rest_route=\/wp\/v2\/posts\/8443\/revisions\/8445"}],"wp:featuredmedia":[{"embeddable":true,"href":"https:\/\/news.digitaltv.com.ar\/index.php?rest_route=\/wp\/v2\/media\/8444"}],"wp:attachment":[{"href":"https:\/\/news.digitaltv.com.ar\/index.php?rest_route=%2Fwp%2Fv2%2Fmedia&parent=8443"}],"wp:term":[{"taxonomy":"category","embeddable":true,"href":"https:\/\/news.digitaltv.com.ar\/index.php?rest_route=%2Fwp%2Fv2%2Fcategories&post=8443"},{"taxonomy":"post_tag","embeddable":true,"href":"https:\/\/news.digitaltv.com.ar\/index.php?rest_route=%2Fwp%2Fv2%2Ftags&post=8443"}],"curies":[{"name":"wp","href":"https:\/\/api.w.org\/{rel}","templated":true}]}}