{"id":847,"date":"2022-03-20T01:43:44","date_gmt":"2022-03-20T04:43:44","guid":{"rendered":"https:\/\/wp.digitaltv.com.ar\/?p=847"},"modified":"2022-03-20T12:13:09","modified_gmt":"2022-03-20T15:13:09","slug":"rusia-asegura-que-el-batallon-azov-prepara-atentados-contra-diplomaticos-extranjeros-en-lviv","status":"publish","type":"post","link":"https:\/\/news.digitaltv.com.ar\/?p=847","title":{"rendered":"Rusia asegura que el Batall\u00f3n Azov prepara atentados contra diplom\u00e1ticos extranjeros en Lviv"},"content":{"rendered":"\n<p>El Ministerio de Defensa ruso asegur\u00f3 hoy que el batall\u00f3n nacionalista<br>ucraniano Azov prepara atentados contra instalaciones y trabajadores<br>diplom\u00e1ticos de Estados Unidos y otros pa\u00edses en Lviv, ciudad cercana a la<br>frontera con Polonia donde se trasladaron las representaciones diplom\u00e1ticas<br>ante el asedio a Kiev.<br>Un oficial del Servicio de Seguridad de Ucrania (SBU) en la regi\u00f3n de<br>Donbass que se entreg\u00f3 a los militares rusos &#8220;inform\u00f3 que los combatientes<br>del batall\u00f3n nacionalista Azov planean actos terroristas en Lviv contra<br>empleados e instalaciones de las misiones diplom\u00e1ticas de Estados Unidos y<br>otros pa\u00edses occidentales&#8221;, dijo el portavoz del Ministerio de Defensa<br>ruso, Igor Konashenkov, a la prensa, consign\u00f3 la agencia de noticias rusa<br>Sputnik.<\/p>\n\n\n\n<figure class=\"wp-block-gallery has-nested-images columns-default is-cropped wp-block-gallery-1 is-layout-flex wp-block-gallery-is-layout-flex\">\n<figure class=\"wp-block-image size-large\"><img loading=\"lazy\" decoding=\"async\" width=\"1024\" height=\"577\" data-id=\"848\" src=\"https:\/\/wp.digitaltv.com.ar\/wp-content\/uploads\/2022\/03\/ministro-de-derensa-ruso-1024x577.jpg\" alt=\"\" class=\"wp-image-848\" srcset=\"https:\/\/news.digitaltv.com.ar\/wp-content\/uploads\/2022\/03\/ministro-de-derensa-ruso-1024x576.jpg 1024w, https:\/\/news.digitaltv.com.ar\/wp-content\/uploads\/2022\/03\/ministro-de-derensa-ruso-300x169.jpg 300w, https:\/\/news.digitaltv.com.ar\/wp-content\/uploads\/2022\/03\/ministro-de-derensa-ruso-768x433.jpg 768w, https:\/\/news.digitaltv.com.ar\/wp-content\/uploads\/2022\/03\/ministro-de-derensa-ruso-600x337.jpg 600w, https:\/\/news.digitaltv.com.ar\/wp-content\/uploads\/2022\/03\/ministro-de-derensa-ruso.jpg 1104w\" sizes=\"auto, (max-width: 1024px) 100vw, 1024px\" \/><\/figure>\n<\/figure>\n\n\n\n<p>Seg\u00fan Konashenkov, las autoridades ucranianas est\u00e1n al tanto de los planes<br>de los nacionalistas, pero &#8220;no toman ninguna medida para impedir su<br>aplicaci\u00f3n&#8221;.<br>De acuerdo con el portavoz, los nacionalistas planean presentar los<br>atentados como un supuesto ataque dirigido por las Fuerzas Armadas de Rusia<br>para &#8220;aumentar la presi\u00f3n sobre los pa\u00edses de la OTAN para que introduzcan<br>una zona de exclusi\u00f3n a\u00e9rea sobre Ucrania y proporcionen m\u00e1s armas&#8221;.<br>Adem\u00e1s, continu\u00f3, los nacionalistas preparan &#8220;provocaciones con el uso de<br>productos qu\u00edmicos t\u00f3xicos&#8221; en varias ciudades de Ucrania.<br>&#8220;Todo esto se realiza con el apoyo directo de los l\u00edderes estadounidenses y<br>varios pa\u00edses de la Uni\u00f3n Europea, que consideran a Ucrania como un<br>instrumento de la pol\u00edtica antirrusa&#8221;, indic\u00f3 Konashenkov.<br>Asimismo, destac\u00f3 que el oficial ucraniano pas\u00f3 informaci\u00f3n detallada sobre<br>todas las personas involucradas en actividades subversivas en el Donbass.<br>Esta semana, las autoridades rusas responsabilizaron al batall\u00f3n Azov del<br>bombardeo a un teatro en la ciudad de Mariupol, en el sur del pa\u00eds, en el<br>que se refugiaban cientos de civiles, mientras para Ucrania se trat\u00f3 de un<br>ataque de las fuerzas del Kremlin.<br>Rusia ya hab\u00eda inculpado a esta milicia, formada por ultraderechistas y<br>neonazis e integrada a las Fuerzas Armadas de Ucrania, del bombardeo contra<br>una cl\u00ednica de maternidad en Mariupol la semana pasada.<\/p>\n\n\n\n<figure class=\"wp-block-gallery has-nested-images columns-default is-cropped wp-block-gallery-2 is-layout-flex wp-block-gallery-is-layout-flex\">\n<figure class=\"wp-block-image size-large\"><img loading=\"lazy\" decoding=\"async\" width=\"1024\" height=\"631\" data-id=\"851\" src=\"https:\/\/wp.digitaltv.com.ar\/wp-content\/uploads\/2022\/03\/gerra-ucrania-3-1024x631.webp\" alt=\"\" class=\"wp-image-851\" srcset=\"https:\/\/news.digitaltv.com.ar\/wp-content\/uploads\/2022\/03\/gerra-ucrania-3-1024x631.webp 1024w, https:\/\/news.digitaltv.com.ar\/wp-content\/uploads\/2022\/03\/gerra-ucrania-3-300x185.webp 300w, https:\/\/news.digitaltv.com.ar\/wp-content\/uploads\/2022\/03\/gerra-ucrania-3-768x473.webp 768w, https:\/\/news.digitaltv.com.ar\/wp-content\/uploads\/2022\/03\/gerra-ucrania-3.webp 1201w\" sizes=\"auto, (max-width: 1024px) 100vw, 1024px\" \/><\/figure>\n<\/figure>\n","protected":false},"excerpt":{"rendered":"<p>El Ministerio de Defensa ruso asegur\u00f3 hoy que el batall\u00f3n nacionalistaucraniano Azov prepara atentados contra instalaciones y trabajadoresdiplom\u00e1ticos de Estados Unidos y otros pa\u00edses en Lviv, ciudad cercana a lafrontera con Polonia donde se trasladaron las representaciones diplom\u00e1ticasante el asedio a Kiev.Un oficial del Servicio de Seguridad de Ucrania (SBU) en la regi\u00f3n deDonbass que [&hellip;]<\/p>\n","protected":false},"author":8,"featured_media":852,"comment_status":"open","ping_status":"open","sticky":false,"template":"","format":"standard","meta":{"_monsterinsights_skip_tracking":false,"_monsterinsights_sitenote_active":false,"_monsterinsights_sitenote_note":"","_monsterinsights_sitenote_category":0,"footnotes":""},"categories":[150,6],"tags":[160],"class_list":["post-847","post","type-post","status-publish","format-standard","has-post-thumbnail","hentry","category-actualidad","category-politica","tag-160"],"_links":{"self":[{"href":"https:\/\/news.digitaltv.com.ar\/index.php?rest_route=\/wp\/v2\/posts\/847","targetHints":{"allow":["GET"]}}],"collection":[{"href":"https:\/\/news.digitaltv.com.ar\/index.php?rest_route=\/wp\/v2\/posts"}],"about":[{"href":"https:\/\/news.digitaltv.com.ar\/index.php?rest_route=\/wp\/v2\/types\/post"}],"author":[{"embeddable":true,"href":"https:\/\/news.digitaltv.com.ar\/index.php?rest_route=\/wp\/v2\/users\/8"}],"replies":[{"embeddable":true,"href":"https:\/\/news.digitaltv.com.ar\/index.php?rest_route=%2Fwp%2Fv2%2Fcomments&post=847"}],"version-history":[{"count":2,"href":"https:\/\/news.digitaltv.com.ar\/index.php?rest_route=\/wp\/v2\/posts\/847\/revisions"}],"predecessor-version":[{"id":923,"href":"https:\/\/news.digitaltv.com.ar\/index.php?rest_route=\/wp\/v2\/posts\/847\/revisions\/923"}],"wp:featuredmedia":[{"embeddable":true,"href":"https:\/\/news.digitaltv.com.ar\/index.php?rest_route=\/wp\/v2\/media\/852"}],"wp:attachment":[{"href":"https:\/\/news.digitaltv.com.ar\/index.php?rest_route=%2Fwp%2Fv2%2Fmedia&parent=847"}],"wp:term":[{"taxonomy":"category","embeddable":true,"href":"https:\/\/news.digitaltv.com.ar\/index.php?rest_route=%2Fwp%2Fv2%2Fcategories&post=847"},{"taxonomy":"post_tag","embeddable":true,"href":"https:\/\/news.digitaltv.com.ar\/index.php?rest_route=%2Fwp%2Fv2%2Ftags&post=847"}],"curies":[{"name":"wp","href":"https:\/\/api.w.org\/{rel}","templated":true}]}}