{"id":8516,"date":"2023-04-21T08:28:15","date_gmt":"2023-04-21T11:28:15","guid":{"rendered":"https:\/\/news.digitaltv.com.ar\/?p=8516"},"modified":"2023-04-21T08:28:39","modified_gmt":"2023-04-21T11:28:39","slug":"murio-el-reconocido-cocinero-guillermo-calabrese","status":"publish","type":"post","link":"https:\/\/news.digitaltv.com.ar\/?p=8516","title":{"rendered":"MURI\u00d3 EL RECONOCIDO COCINERO GUILLERMO CALABRESE"},"content":{"rendered":"\n<p>El reconocido chef Guillermo Miguel Calabrese, de 61 a\u00f1os, que condujo durante varios a\u00f1os el ciclo &#8220;Cocineros Argentinos&#8221; en la TV Argentina y que actualmente estaba al frente del programa &#8220;Qu\u00e9 ma\u00f1ana&#8221; por canal 9, muri\u00f3 esta madrugada a causa de un paro card\u00edaco, informaron fuentes sanitarias y policiales.<\/p>\n\n\n\n<p>Calabrese se descompens\u00f3 mientras estaba en el departamento de su hija, ubicado en la avenida Dorrrego al 2000, de la ciudad de Buenos Aires, y fue trasladado en una ambulancia del SAME al hospital Fern\u00e1ndez, donde lo intentaron reanimar sin \u00e9xito<\/p>\n\n\n\n<p>Calabrese fue el primer conductor del exitoso ciclo Cocineros Argentinos, donde permaneci\u00f3 hasta 2020, y este a\u00f1o hab\u00eda vuelto a la pantalla con su propio programa en las ma\u00f1anas de canal 9.<\/p>\n\n\n\n<p>Junto al famoso chef y quien fue su maestro Carlos &#8220;Gato&#8221; Dumas fund\u00f3 el Gato Dumas Colegio de Gastronom\u00eda, del que fue su director acad\u00e9mico.<\/p>\n","protected":false},"excerpt":{"rendered":"<p>El reconocido chef Guillermo Miguel Calabrese, de 61 a\u00f1os, que condujo durante varios a\u00f1os el ciclo &#8220;Cocineros Argentinos&#8221; en la TV Argentina y que actualmente estaba al frente del programa &#8220;Qu\u00e9 ma\u00f1ana&#8221; por canal 9, muri\u00f3 esta madrugada a causa de un paro card\u00edaco, informaron fuentes sanitarias y policiales. Calabrese se descompens\u00f3 mientras estaba en [&hellip;]<\/p>\n","protected":false},"author":1,"featured_media":8517,"comment_status":"open","ping_status":"open","sticky":false,"template":"","format":"standard","meta":{"_monsterinsights_skip_tracking":false,"_monsterinsights_sitenote_active":false,"_monsterinsights_sitenote_note":"","_monsterinsights_sitenote_category":0,"footnotes":""},"categories":[2],"tags":[171],"class_list":["post-8516","post","type-post","status-publish","format-standard","has-post-thumbnail","hentry","category-espectaculos","tag-171"],"_links":{"self":[{"href":"https:\/\/news.digitaltv.com.ar\/index.php?rest_route=\/wp\/v2\/posts\/8516","targetHints":{"allow":["GET"]}}],"collection":[{"href":"https:\/\/news.digitaltv.com.ar\/index.php?rest_route=\/wp\/v2\/posts"}],"about":[{"href":"https:\/\/news.digitaltv.com.ar\/index.php?rest_route=\/wp\/v2\/types\/post"}],"author":[{"embeddable":true,"href":"https:\/\/news.digitaltv.com.ar\/index.php?rest_route=\/wp\/v2\/users\/1"}],"replies":[{"embeddable":true,"href":"https:\/\/news.digitaltv.com.ar\/index.php?rest_route=%2Fwp%2Fv2%2Fcomments&post=8516"}],"version-history":[{"count":1,"href":"https:\/\/news.digitaltv.com.ar\/index.php?rest_route=\/wp\/v2\/posts\/8516\/revisions"}],"predecessor-version":[{"id":8518,"href":"https:\/\/news.digitaltv.com.ar\/index.php?rest_route=\/wp\/v2\/posts\/8516\/revisions\/8518"}],"wp:featuredmedia":[{"embeddable":true,"href":"https:\/\/news.digitaltv.com.ar\/index.php?rest_route=\/wp\/v2\/media\/8517"}],"wp:attachment":[{"href":"https:\/\/news.digitaltv.com.ar\/index.php?rest_route=%2Fwp%2Fv2%2Fmedia&parent=8516"}],"wp:term":[{"taxonomy":"category","embeddable":true,"href":"https:\/\/news.digitaltv.com.ar\/index.php?rest_route=%2Fwp%2Fv2%2Fcategories&post=8516"},{"taxonomy":"post_tag","embeddable":true,"href":"https:\/\/news.digitaltv.com.ar\/index.php?rest_route=%2Fwp%2Fv2%2Ftags&post=8516"}],"curies":[{"name":"wp","href":"https:\/\/api.w.org\/{rel}","templated":true}]}}