{"id":854,"date":"2022-03-20T01:43:36","date_gmt":"2022-03-20T04:43:36","guid":{"rendered":"https:\/\/wp.digitaltv.com.ar\/?p=854"},"modified":"2022-03-20T12:14:34","modified_gmt":"2022-03-20T15:14:34","slug":"el-gobierno-avanza-con-medidas-antiinflacionarias-y-convoca-a-mesa-multisectorial","status":"publish","type":"post","link":"https:\/\/news.digitaltv.com.ar\/?p=854","title":{"rendered":"El Gobierno avanza con medidas antiinflacionarias y convoca a mesa multisectorial"},"content":{"rendered":"\n<p>(Por Daniel Scar\u00edmbolo) Con el acuerdo con el Fondo Monetario Internacional<br>(FMI) aprobado en el Congreso, el Gobierno nacional avanza en la pelea<br>contra la inflaci\u00f3n, con la creaci\u00f3n del Fondo Estabilizador del Trigo y la<br>modificaci\u00f3n del actual esquema de retenciones de los productos derivados<br>de la soja, as\u00ed como con una convocatoria a partir del lunes pr\u00f3ximo a<br>distintos sectores para ampliar el paquete de medidas.<br>Tras el mensaje de anoche del presidente Alberto Fern\u00e1ndez desde Olivos, el<br>Poder Ejecutivo oficializ\u00f3 hoy -con su publicaci\u00f3n en el Bolet\u00edn Oficial-<br>las dos primeras medidas.<br>Una de ellas es la creaci\u00f3n del Fondo Estabilizador del Trigo Argentino,<br>con el objetivo de estabilizar el costo de la tonelada de trigo que compran<br>los molinos argentinos y reducir el impacto local de la fuerte suba del<br>precio internacional como consecuencia de la guerra entre Rusia y Ucrania,<br>dos pa\u00edses que concentran casi el 29 por ciento de las exportaciones<br>mundiales de este cereal.<br>Adem\u00e1s, con otro decreto, el Gobierno modific\u00f3 el actual esquema de<br>retenciones de los productos derivados de la soja, como el aceite y la<br>harina, a partir de la quita del diferencial entre los productos<br>industrializados y los sin procesar dentro del complejo sojero.<br>As\u00ed, estos subproductos pasar\u00e1n de tributar 31% al 33% en concepto de<br>derechos de exportaci\u00f3n, lo que implica una suba de dos puntos en la<br>al\u00edcuota, hasta, por lo menos, el 31 de diciembre de este a\u00f1o.<br>A trav\u00e9s de sus redes sociales, ministros y secretarios se sumaron hoy a la<br>campa\u00f1a &#8220;Bajar la inflaci\u00f3n&#8221;, en apoyo al plan de acci\u00f3n presentado anoche<br>por Fern\u00e1ndez.<br>&#8220;#BajarLaInflaci\u00f3n es una prioridad. Por eso, en el marco del plan de<br>acci\u00f3n presentado por el Presidente trabajaremos junto a los gobernadores y<br>las gobernadoras y con todos los intendentes para que las medidas que<br>adoptemos lleguen a cada rinc\u00f3n del pa\u00eds&#8221;, public\u00f3 el jefe de Gabinete,<br>Juan Manzur, en su cuenta de Twitter.<br>La aprobaci\u00f3n el jueves en el Senado de la ley que avala el Programa de<br>Facilidades Extendidas a celebrarse entre la Argentina y el FMI, que ven\u00eda<br>con media sanci\u00f3n de Diputados, abri\u00f3 en parte el camino para la agenda que<br>viene: el Presidente quiere superar el debate por la deuda y avanzar hacia<br>la pelea contra la inflaci\u00f3n.<br>&#8220;Necesit\u00e1bamos despejar ese tema central&#8221;, se\u00f1alan en Balcarce 50, y<br>explican que, adem\u00e1s de la reestructuraci\u00f3n de la deuda, &#8220;en ese acuerdo<br>tambi\u00e9n hay herramientas que tienen que ver con la lucha contra la<br>inflaci\u00f3n&#8221;.<br>&#8220;Todos sabemos la inflaci\u00f3n que se inform\u00f3 el martes, pero no sabemos si se<br>va detener la guerra en Ucrania, por lo cual es probable que la inflaci\u00f3n<br>mundial siga creciendo a tasas desconocidas hasta este momento. Entonces,<br>hay que tomar una cantidad de medidas&#8221;, admiten.<br>Seg\u00fan reconstruy\u00f3 un miembro del Gobierno con despacho en la Casa Rosada,<br>la postura de Juntos por el Cambio (JxC) de intentar hacer caer la sesi\u00f3n<br>en la C\u00e1mara alta por una eventual suba de retenciones a las exportaciones<br>agropecuarias &#8220;la dio Patricia Bulrich a trav\u00e9s de un Whatsapp en el que<br>convocaba a una reuni\u00f3n a sus miembros&#8221;, y refiri\u00f3 que hubo &#8220;diversas<br>conversaciones con la oposici\u00f3n para aclarar este punto&#8221;.<br>Finalmente, al igual que lo hizo en la C\u00e1mara de Diputados, la coalici\u00f3n<br>opositora aprob\u00f3 el acuerdo.<br>Los ministros de Econom\u00eda, Mart\u00edn Guzm\u00e1n; de Agricultura, Ganader\u00eda y<br>Pesca; Juli\u00e1n Dom\u00ednguez; y de Desarrollo Productivo, Mat\u00edas Kulfas; y el<br>secretario de Comercio, Roberto Felleti; fueron los que trabajaron en los<br>\u00faltimos d\u00edas en las medidas que anunci\u00f3 anoche el Presidente; e ir\u00e1n<br>explicando los detalles en los pr\u00f3ximos d\u00edas.<br>El titular de Trabajo, Claudio Moroni, la secretaria de Relaciones<br>Econ\u00f3micas de la Canciller\u00eda, Cecilia Todesca Bocco, y la titular de la<br>AFIP, Mercedes Marco del Pont, tambi\u00e9n participaron anoche en Olivos del<br>repaso final del plan que se ir\u00e1 anunciando progresivamente a trav\u00e9s de<br>cada Ministerio.<br>Esta ma\u00f1ana, Dom\u00ednguez fue el encargado de precisar en rueda de prensa que<br>lo que se estableci\u00f3 es una &#8220;suspensi\u00f3n temporaria del diferencial de 2% de<br>los derechos de exportaci\u00f3n de harina y de aceite de soja del decreto<br>790\/2020&#8243;, y que &#8220;esta suspensi\u00f3n de estos derechos de exportaci\u00f3n har\u00e1n<br>que vuelvan al 33%, porcentaje que ya las empresas le descuentan al<br>productor&#8221;.<br>Asimismo, Dom\u00ednguez inform\u00f3 que se instrumentar\u00e1n las medidas necesarias<br>&#8220;para estabilizar al precio del trigo a valores pre b\u00e9licos, mientras duren<br>las consecuencias del aumento a causa de esta guerra&#8221; entre Rusia y<br>Ucrania.<br>El lunes est\u00e1 previsto que sea el turno de Kulfas y el martes se convocar\u00eda<br>a una mesa de acuerdo econ\u00f3mica y social, con la participaci\u00f3n de<br>representantes de los sectores productivos, empresarios, trabajadores<br>formales y de la econom\u00eda popular, referentes del campo y el comercio, la<br>peque\u00f1a y mediana empresa y la sociedad civil.<br>En el Gobierno admiten que en el tema precios hay &#8220;un problema con los<br>comercios de cercan\u00eda&#8221; y no con los supermercados, que seg\u00fan el \u00faltimo<br>\u00edndice de inflaci\u00f3n est\u00e1n respetando los Precios Cuidados.<br>Tambi\u00e9n reconocen preocupaci\u00f3n por la suba de marzo, luego de que la<br>Organizaci\u00f3n de las Naciones Unidas informara que habr\u00e1 &#8220;un 30% de<br>inflaci\u00f3n en alimentos todos los pa\u00edses del mundo y la Argentina viene con<br>una base de 50%&#8221;.<br>&#8220;En Espa\u00f1a no consiguen aceite y en Italia no consiguen pasta. Estamos en<br>un problema serio en el mundo y eso obviamente va a tener impacto en la<br>Argentina. Lo que nos dicen todos los que saben es que la situaci\u00f3n<br>internacional es grave. Si la guerra no termina la semana que viene, vamos<br>a vivir una econom\u00eda mundial que desconocemos&#8221;, se\u00f1alan desde la Casa<br>Rosada.<br>El mi\u00e9rcoles, empresarios y gremialistas acordaron un incremento del 45%<br>del Salario M\u00ednimo Vital y M\u00f3vil, que fue rubricado por la tarde por<br>Fern\u00e1ndez, quien aprovech\u00f3 la oportunidad para convocarlos desde el lunes<br>pr\u00f3ximo para empezar a acordar ese paquete antiinflacionario.<br>&#8220;El Presidente nos plante\u00f3 que el lunes va a hacer una convocatoria para<br>empezar a conversar toda esta situaci\u00f3n y encontrar un tr\u00e1nsito hacia la<br>formalizaci\u00f3n de acuerdos que permitan en nuestro pa\u00eds ir bajando el<br>proceso inflacionario que viene deteriorando d\u00eda a d\u00eda los ingresos de los<br>trabajadores, jubilados y todos los sectores tienen ingresos fijos&#8221;, dijo<br>uno de los cosecretarios generales de la Confederaci\u00f3n General del Trabajo<br>(CGT) H\u00e9ctor Daer.<br>En tanto, el presidente de la Uni\u00f3n Industrial Argentina (UIA) Daniel Funes<br>de Rioja celebr\u00f3 tambi\u00e9n &#8220;la convocatoria del Presidente a este di\u00e1logo, a<br>esta construcci\u00f3n&#8221;, y se mostr\u00f3 &#8220;convencido en trabajar en conjunto los<br>problemas del pa\u00eds y enfrentar estos problemas globales&#8221; generados a partir<br>de la pandemia del coronavirus y el conflicto armado entre Rusia y Ucrania<br>&#8220;para darle previsibilidad al pa\u00eds&#8221; y que permita &#8220;mayor inversi\u00f3n y<br>crecimiento&#8221;.<br>El secretario general de la Central de Trabajadores de la Argentina (CTA) y<br>diputado nacional oficialista Hugo Yasky coincidi\u00f3 con ellos y se\u00f1al\u00f3 que<br>&#8220;la preocupaci\u00f3n es contener el aumento de los precios&#8221;.<\/p>\n","protected":false},"excerpt":{"rendered":"<p>(Por Daniel Scar\u00edmbolo) Con el acuerdo con el Fondo Monetario Internacional(FMI) aprobado en el Congreso, el Gobierno nacional avanza en la peleacontra la inflaci\u00f3n, con la creaci\u00f3n del Fondo Estabilizador del Trigo y lamodificaci\u00f3n del actual esquema de retenciones de los productos derivadosde la soja, as\u00ed como con una convocatoria a partir del lunes pr\u00f3ximo [&hellip;]<\/p>\n","protected":false},"author":8,"featured_media":855,"comment_status":"open","ping_status":"open","sticky":false,"template":"","format":"standard","meta":{"_monsterinsights_skip_tracking":false,"_monsterinsights_sitenote_active":false,"_monsterinsights_sitenote_note":"","_monsterinsights_sitenote_category":0,"footnotes":""},"categories":[6],"tags":[160],"class_list":["post-854","post","type-post","status-publish","format-standard","has-post-thumbnail","hentry","category-politica","tag-160"],"_links":{"self":[{"href":"https:\/\/news.digitaltv.com.ar\/index.php?rest_route=\/wp\/v2\/posts\/854","targetHints":{"allow":["GET"]}}],"collection":[{"href":"https:\/\/news.digitaltv.com.ar\/index.php?rest_route=\/wp\/v2\/posts"}],"about":[{"href":"https:\/\/news.digitaltv.com.ar\/index.php?rest_route=\/wp\/v2\/types\/post"}],"author":[{"embeddable":true,"href":"https:\/\/news.digitaltv.com.ar\/index.php?rest_route=\/wp\/v2\/users\/8"}],"replies":[{"embeddable":true,"href":"https:\/\/news.digitaltv.com.ar\/index.php?rest_route=%2Fwp%2Fv2%2Fcomments&post=854"}],"version-history":[{"count":1,"href":"https:\/\/news.digitaltv.com.ar\/index.php?rest_route=\/wp\/v2\/posts\/854\/revisions"}],"predecessor-version":[{"id":856,"href":"https:\/\/news.digitaltv.com.ar\/index.php?rest_route=\/wp\/v2\/posts\/854\/revisions\/856"}],"wp:featuredmedia":[{"embeddable":true,"href":"https:\/\/news.digitaltv.com.ar\/index.php?rest_route=\/wp\/v2\/media\/855"}],"wp:attachment":[{"href":"https:\/\/news.digitaltv.com.ar\/index.php?rest_route=%2Fwp%2Fv2%2Fmedia&parent=854"}],"wp:term":[{"taxonomy":"category","embeddable":true,"href":"https:\/\/news.digitaltv.com.ar\/index.php?rest_route=%2Fwp%2Fv2%2Fcategories&post=854"},{"taxonomy":"post_tag","embeddable":true,"href":"https:\/\/news.digitaltv.com.ar\/index.php?rest_route=%2Fwp%2Fv2%2Ftags&post=854"}],"curies":[{"name":"wp","href":"https:\/\/api.w.org\/{rel}","templated":true}]}}