{"id":857,"date":"2022-03-20T01:43:28","date_gmt":"2022-03-20T04:43:28","guid":{"rendered":"https:\/\/wp.digitaltv.com.ar\/?p=857"},"modified":"2022-03-20T11:52:34","modified_gmt":"2022-03-20T14:52:34","slug":"realizaran-festival-en-el-teatro-argentino-de-la-capital-bonaerense-por-los-46-anos-del-golpe","status":"publish","type":"post","link":"https:\/\/news.digitaltv.com.ar\/?p=857","title":{"rendered":"Realizar\u00e1n festival en el Teatro Argentino de la capital bonaerense por los 46 a\u00f1os del golpe"},"content":{"rendered":"\n<p>El Instituto Cultural de la provincia de Buenos Aires y la subsecretar\u00eda de<br>Derechos Humanos bonaerense anunciaron hoy que realizar\u00e1n el mi\u00e9rcoles 23<br>de marzo un festival bajo el lema &#8220;Memoria es Cultura&#8221; en la plaza seca del<br>Teatro Argentino de La Plata, sobre la esquina de 9 y 51, con motivo del 46<br>aniversario del golpe de Estado que dio inicio a la dictadura c\u00edvico<br>militar.<br>El festival est\u00e1 programado para las 18 y comenzar\u00e1 una vez que termine la<br>marcha en homenaje a los 30.000 detenidos-desaparecidos y por el avance de<br>los juicios por delitos de lesa humanidad que en La Plata se realiza todos<br>los a\u00f1os -salvo en tiempos de pandemia- un d\u00eda antes de la movilizaci\u00f3n en<br>Plaza de Mayo.<\/p>\n\n\n\n<figure class=\"wp-block-gallery has-nested-images columns-default is-cropped wp-block-gallery-1 is-layout-flex wp-block-gallery-is-layout-flex\">\n<figure class=\"wp-block-image size-large\"><img loading=\"lazy\" decoding=\"async\" width=\"773\" height=\"458\" data-id=\"859\" src=\"https:\/\/wp.digitaltv.com.ar\/wp-content\/uploads\/2022\/03\/teatro-argentino-de-la-plata.jpg\" alt=\"\" class=\"wp-image-859\" srcset=\"https:\/\/news.digitaltv.com.ar\/wp-content\/uploads\/2022\/03\/teatro-argentino-de-la-plata.jpg 773w, https:\/\/news.digitaltv.com.ar\/wp-content\/uploads\/2022\/03\/teatro-argentino-de-la-plata-300x178.jpg 300w, https:\/\/news.digitaltv.com.ar\/wp-content\/uploads\/2022\/03\/teatro-argentino-de-la-plata-768x455.jpg 768w\" sizes=\"auto, (max-width: 773px) 100vw, 773px\" \/><\/figure>\n<\/figure>\n\n\n\n<p><br>El evento, bautizado como Festival por la Verdad, la Memoria y la Justicia,<br>reunir\u00e1 en el escenario a los artistas Mar\u00eda de los \u00c1ngeles &#8220;Chiqui&#8221;<br>Ledesma, Ver\u00f3nica Parodi, Juan Baro, N\u00e9lida Corral\u00f3n, Arbolito y Los Besos<br>en el marco de una convocatoria organizada en torno a la consigna &#8220;un<br>pueblo con memoria es democracia para siempre&#8221;.<br>&#8220;Nos volvemos a encontrar para no olvidar, para homenajear a los 30 mil<br>detenidos desaparecidos y para seguir exigiendo castigo a los culpables&#8221;,<br>subray\u00f3 el Instituto Cultural de la Provincia, que encabeza Florencia<br>Saintout, al difundir la convocatoria. .<br>Aparte de m\u00fasica en vivo, la jornada tendr\u00e1 varias disciplinas art\u00edsticas,<br>expresiones culturales y distintas performances con talleres, muestras de<br>pl\u00e1stica e intervenciones teatrales con actores y dramaturgos en escena.<br>&#8220;A 46 a\u00f1os del golpe de Estado c\u00edvico-militar, nos volvemos a encontrar<br>para no olvidar, para homenajear a los 30 mil detenidos-desaparecidos y<br>para seguir exigiendo castigo a los culpables&#8221;, remarcaron los<br>organizadores desde las redes sociales.<br>Antes del festival se realizar\u00e1 la tradicional movilizaci\u00f3n de todos los 23<br>de marzo en La Plata, que culminar\u00e1 frente a la sede de los Tribunales<br>Federales, en 8 y 51, donde tramitan los juicios por cr\u00edmenes de lesa<br>humanidad.<\/p>\n\n\n\n<figure class=\"wp-block-gallery has-nested-images columns-default is-cropped wp-block-gallery-2 is-layout-flex wp-block-gallery-is-layout-flex\">\n<figure class=\"wp-block-image size-large\"><img loading=\"lazy\" decoding=\"async\" width=\"696\" height=\"434\" data-id=\"860\" src=\"https:\/\/wp.digitaltv.com.ar\/wp-content\/uploads\/2022\/03\/24Marzo-Memoria-696x434-1.jpg\" alt=\"\" class=\"wp-image-860\" srcset=\"https:\/\/news.digitaltv.com.ar\/wp-content\/uploads\/2022\/03\/24Marzo-Memoria-696x434-1.jpg 696w, https:\/\/news.digitaltv.com.ar\/wp-content\/uploads\/2022\/03\/24Marzo-Memoria-696x434-1-300x187.jpg 300w\" sizes=\"auto, (max-width: 696px) 100vw, 696px\" \/><\/figure>\n<\/figure>\n","protected":false},"excerpt":{"rendered":"<p>El Instituto Cultural de la provincia de Buenos Aires y la subsecretar\u00eda deDerechos Humanos bonaerense anunciaron hoy que realizar\u00e1n el mi\u00e9rcoles 23de marzo un festival bajo el lema &#8220;Memoria es Cultura&#8221; en la plaza seca delTeatro Argentino de La Plata, sobre la esquina de 9 y 51, con motivo del 46aniversario del golpe de Estado [&hellip;]<\/p>\n","protected":false},"author":8,"featured_media":858,"comment_status":"open","ping_status":"open","sticky":false,"template":"","format":"standard","meta":{"_monsterinsights_skip_tracking":false,"_monsterinsights_sitenote_active":false,"_monsterinsights_sitenote_note":"","_monsterinsights_sitenote_category":0,"footnotes":""},"categories":[155],"tags":[171],"class_list":["post-857","post","type-post","status-publish","format-standard","has-post-thumbnail","hentry","category-cultura","tag-171"],"_links":{"self":[{"href":"https:\/\/news.digitaltv.com.ar\/index.php?rest_route=\/wp\/v2\/posts\/857","targetHints":{"allow":["GET"]}}],"collection":[{"href":"https:\/\/news.digitaltv.com.ar\/index.php?rest_route=\/wp\/v2\/posts"}],"about":[{"href":"https:\/\/news.digitaltv.com.ar\/index.php?rest_route=\/wp\/v2\/types\/post"}],"author":[{"embeddable":true,"href":"https:\/\/news.digitaltv.com.ar\/index.php?rest_route=\/wp\/v2\/users\/8"}],"replies":[{"embeddable":true,"href":"https:\/\/news.digitaltv.com.ar\/index.php?rest_route=%2Fwp%2Fv2%2Fcomments&post=857"}],"version-history":[{"count":2,"href":"https:\/\/news.digitaltv.com.ar\/index.php?rest_route=\/wp\/v2\/posts\/857\/revisions"}],"predecessor-version":[{"id":919,"href":"https:\/\/news.digitaltv.com.ar\/index.php?rest_route=\/wp\/v2\/posts\/857\/revisions\/919"}],"wp:featuredmedia":[{"embeddable":true,"href":"https:\/\/news.digitaltv.com.ar\/index.php?rest_route=\/wp\/v2\/media\/858"}],"wp:attachment":[{"href":"https:\/\/news.digitaltv.com.ar\/index.php?rest_route=%2Fwp%2Fv2%2Fmedia&parent=857"}],"wp:term":[{"taxonomy":"category","embeddable":true,"href":"https:\/\/news.digitaltv.com.ar\/index.php?rest_route=%2Fwp%2Fv2%2Fcategories&post=857"},{"taxonomy":"post_tag","embeddable":true,"href":"https:\/\/news.digitaltv.com.ar\/index.php?rest_route=%2Fwp%2Fv2%2Ftags&post=857"}],"curies":[{"name":"wp","href":"https:\/\/api.w.org\/{rel}","templated":true}]}}