{"id":8717,"date":"2023-05-07T09:50:30","date_gmt":"2023-05-07T12:50:30","guid":{"rendered":"https:\/\/news.digitaltv.com.ar\/?p=8717"},"modified":"2023-05-09T08:55:30","modified_gmt":"2023-05-09T11:55:30","slug":"kicillof-la-provincia-de-buenos-aires-es-la-madre-del-triunfo-electoral","status":"publish","type":"post","link":"https:\/\/news.digitaltv.com.ar\/?p=8717","title":{"rendered":"KICILLOF: LA PROVINCIA DE BUENOS AIRES &#8220;ES LA MADRE DEL TRIUNFO ELECTORAL&#8221;"},"content":{"rendered":"\n<p>El gobernador bonaerense, Axel Kicillof, afirm\u00f3 hoy que la provincia de Buenos Aires &#8220;es la madre de nuestro triunfo&#8221; electoral, por lo que ese territorio &#8220;va a sumar a un triunfo nacional&#8221; del oficialismo, al encabezar en Ensenada un encuentro convocado por la organizaci\u00f3n social Somos Barrios de Pie.<\/p>\n\n\n\n<p>&#8220;Todos dicen que nuestra provincia es en lo electoral la madre de todas las batallas; la provincia de Buenos Aires es la madre de nuestro triunfo, de ac\u00e1 va a surgir el triunfo provincial que va a sumar a un triunfo nacional&#8221;, asegur\u00f3 el gobernador desde el sal\u00f3n principal del camping de Sindicato de Obras Sanitarias de la provincia de Buenos Aires (Sosba).<\/p>\n\n\n\n<p>En un predio colmado de militantes de organizaciones sociales, sostuvo que las &#8220;pol\u00edticas neoliberales de los a\u00f1os 90 fueron las que desencadenaron la peor crisis de la historia argentina en el a\u00f1o 2001&#8221;.<\/p>\n\n\n\n<p>A\u00f1adi\u00f3 que &#8220;duele ver como hoy, con la complicidad de los medios de comunicaci\u00f3n dominante, quieren venderle a nuestro pueblo espejitos de colores, dici\u00e9ndole que lo que fracas\u00f3 una vez y otra vez ahora nos va a sacar de los problemas&#8221;.<\/p>\n\n\n\n<p>&#8220;Nuestro pueblo tiene memoria, conciencia y, adem\u00e1s, sac\u00f3 conclusiones y saldos de aquella \u00e9poca; y fue ah\u00ed, donde de ese dolor, ese ataque, esa p\u00e9rdida, en lugar de generar desesperanza, de anestesiarnos, gener\u00f3 lo que era eso para los movimientos sociales de toda la Argentina: organizaci\u00f3n, resistencia, lucha, producci\u00f3n y trabajo&#8221;, dijo Kicillof en medio de una ovaci\u00f3n, acompa\u00f1ado por el secretario del Consejo de la Econom\u00eda Popular y coordinador nacional de Somos Barrios de Pie, Daniel Men\u00e9ndez, y la diputada nacional Natalia Souto.<\/p>\n\n\n\n<p>Indic\u00f3 que &#8220;ha sido una proeza de nuestra clase trabajadora educada por Per\u00f3n y Evita, conducida por N\u00e9stor y Cristina, sacando de todo esto lo que hoy son las cooperativas, los comedores, el trabajo de cuidado, diferentes formas de organizaci\u00f3n que han permitido que no se quedara ni afuera ni atr\u00e1s&#8221;.<\/p>\n\n\n\n<p>Sobre la situaci\u00f3n judicial de la vicepresidenta Cristina Kirchner consider\u00f3 que se trata de un ataque &#8220;a la compa\u00f1era, y a trav\u00e9s de ella buscan atacar a un pueblo entero, pero sobre todo disciplinar a sectores de la dirigencia pol\u00edtica que todav\u00eda no han entendido que para conseguir conquistas hay que enfrentar al poder, y hay que dar la batalla y hay que dar la lucha&#8221;.<\/p>\n\n\n\n<p>&#8220;Lo que se va a jugar este a\u00f1o es demasiado importante y hay un solo camino para conquistarlo y obtenerlo&#8221;, se\u00f1al\u00f3 Kicillof, y agreg\u00f3: &#8220;Nos hablan de las redes sociales, nos hablan de Twitter, de Facebook, de Instagram; la red social m\u00e1s importante, la m\u00e1s poderosa es la militancia; esto se gana en la calle, esto se gana en los barrios, puerta a puerta, dando la cara&#8221;.<\/p>\n\n\n\n<p>Asegur\u00f3 a la militancia que pueden contar &#8220;con este gobernador, con este gobierno para seguir luchando por los intereses de nuestra mayor\u00eda, por nuestro pueblo en su bandera, por m\u00e1s solidaridad, por m\u00e1s independencia, por m\u00e1s justicia social en la provincia de Buenos Aires&#8221;.<\/p>\n\n\n\n<p>Men\u00e9ndez destac\u00f3 la gesti\u00f3n y se\u00f1al\u00f3 que &#8220;Axel es quien mejor nos representa para dar la pr\u00f3xima pelea y ac\u00e1 estamos todos y todas para recorrer cada casa, para recorrer cada barrio para poner el hombro, para escuchar, para aguantar lo que nos diga y lo que falta, pero sobre todo convencer que hay esperanza porque ha habido trabajo&#8221;.<\/p>\n\n\n\n<p>&#8220;Nunca m\u00e1s va a gobernar la derecha y va a haber 20 a\u00f1os de gobierno popular en la provincia y en nuestra patria&#8221;, sostuvo.<\/p>\n\n\n\n<p>Souto consider\u00f3 que Kicillof &#8220;con todo este equipo puso a la provincia de pie junto tambi\u00e9n a todos los intendentes&#8221; y destac\u00f3: &#8220;Estamos convencidos de que vamos a ganar la provincia y que nos reconocemos en Axel&#8221;.<\/p>\n\n\n\n<p>&#8220;Vamos a estar en cada rinc\u00f3n de la provincia dando este debate, un debate fundamental de ideas que tiene que ver con nuestro futuro&#8221;, dijo, y afirm\u00f3: &#8220;Es un gran desaf\u00edo, pero sabemos que nacimos para grandes batallas&#8221;.<\/p>\n","protected":false},"excerpt":{"rendered":"<p>El gobernador bonaerense, Axel Kicillof, afirm\u00f3 hoy que la provincia de Buenos Aires &#8220;es la madre de nuestro triunfo&#8221; electoral, por lo que ese territorio &#8220;va a sumar a un triunfo nacional&#8221; del oficialismo, al encabezar en Ensenada un encuentro convocado por la organizaci\u00f3n social Somos Barrios de Pie. &#8220;Todos dicen que nuestra provincia es [&hellip;]<\/p>\n","protected":false},"author":1,"featured_media":7274,"comment_status":"open","ping_status":"open","sticky":false,"template":"","format":"standard","meta":{"_monsterinsights_skip_tracking":false,"_monsterinsights_sitenote_active":false,"_monsterinsights_sitenote_note":"","_monsterinsights_sitenote_category":0,"footnotes":""},"categories":[152],"tags":[160],"class_list":["post-8717","post","type-post","status-publish","format-standard","has-post-thumbnail","hentry","category-pergamino","tag-160"],"_links":{"self":[{"href":"https:\/\/news.digitaltv.com.ar\/index.php?rest_route=\/wp\/v2\/posts\/8717","targetHints":{"allow":["GET"]}}],"collection":[{"href":"https:\/\/news.digitaltv.com.ar\/index.php?rest_route=\/wp\/v2\/posts"}],"about":[{"href":"https:\/\/news.digitaltv.com.ar\/index.php?rest_route=\/wp\/v2\/types\/post"}],"author":[{"embeddable":true,"href":"https:\/\/news.digitaltv.com.ar\/index.php?rest_route=\/wp\/v2\/users\/1"}],"replies":[{"embeddable":true,"href":"https:\/\/news.digitaltv.com.ar\/index.php?rest_route=%2Fwp%2Fv2%2Fcomments&post=8717"}],"version-history":[{"count":1,"href":"https:\/\/news.digitaltv.com.ar\/index.php?rest_route=\/wp\/v2\/posts\/8717\/revisions"}],"predecessor-version":[{"id":8718,"href":"https:\/\/news.digitaltv.com.ar\/index.php?rest_route=\/wp\/v2\/posts\/8717\/revisions\/8718"}],"wp:featuredmedia":[{"embeddable":true,"href":"https:\/\/news.digitaltv.com.ar\/index.php?rest_route=\/wp\/v2\/media\/7274"}],"wp:attachment":[{"href":"https:\/\/news.digitaltv.com.ar\/index.php?rest_route=%2Fwp%2Fv2%2Fmedia&parent=8717"}],"wp:term":[{"taxonomy":"category","embeddable":true,"href":"https:\/\/news.digitaltv.com.ar\/index.php?rest_route=%2Fwp%2Fv2%2Fcategories&post=8717"},{"taxonomy":"post_tag","embeddable":true,"href":"https:\/\/news.digitaltv.com.ar\/index.php?rest_route=%2Fwp%2Fv2%2Ftags&post=8717"}],"curies":[{"name":"wp","href":"https:\/\/api.w.org\/{rel}","templated":true}]}}