{"id":8719,"date":"2023-05-07T10:20:03","date_gmt":"2023-05-07T13:20:03","guid":{"rendered":"https:\/\/news.digitaltv.com.ar\/?p=8719"},"modified":"2023-05-08T10:49:45","modified_gmt":"2023-05-08T13:49:45","slug":"la-oms-levanta-la-alerta-maxima-por-la-pandemia-de-covid-19","status":"publish","type":"post","link":"https:\/\/news.digitaltv.com.ar\/?p=8719","title":{"rendered":"LA OMS LEVANTA LA ALERTA M\u00c1XIMA POR LA PANDEMIA DE COVID-19"},"content":{"rendered":"\n<p>La Organizaci\u00f3n Mundial de la Salud (OMS) levant\u00f3 hoy el m\u00e1s alto nivel de alerta sobre la pandemia de Covid-19, que dej\u00f3 &#8220;al menos 20 millones&#8221; de muertos en el planeta, al considerar que est\u00e1 suficientemente controlada.<\/p>\n\n\n\n<p>&#8220;Con gran esperanza declaro que la Covid-19 ya no es una emergencia sanitaria de alcance internacional&#8221;, afirm\u00f3 el director general del organismo sanitario, Tedros Adhanom Ghebreyesus, al estimar que la pandemia dej\u00f3 &#8220;al menos 20 millones&#8221; de muertos, casi tres veces m\u00e1s que el balance oficial de su organizaci\u00f3n.<\/p>\n","protected":false},"excerpt":{"rendered":"<p>La Organizaci\u00f3n Mundial de la Salud (OMS) levant\u00f3 hoy el m\u00e1s alto nivel de alerta sobre la pandemia de Covid-19, que dej\u00f3 &#8220;al menos 20 millones&#8221; de muertos en el planeta, al considerar que est\u00e1 suficientemente controlada. &#8220;Con gran esperanza declaro que la Covid-19 ya no es una emergencia sanitaria de alcance internacional&#8221;, afirm\u00f3 el [&hellip;]<\/p>\n","protected":false},"author":1,"featured_media":1097,"comment_status":"open","ping_status":"open","sticky":false,"template":"","format":"standard","meta":{"_monsterinsights_skip_tracking":false,"_monsterinsights_sitenote_active":false,"_monsterinsights_sitenote_note":"","_monsterinsights_sitenote_category":0,"footnotes":""},"categories":[151],"tags":[160],"class_list":["post-8719","post","type-post","status-publish","format-standard","has-post-thumbnail","hentry","category-salud","tag-160"],"_links":{"self":[{"href":"https:\/\/news.digitaltv.com.ar\/index.php?rest_route=\/wp\/v2\/posts\/8719","targetHints":{"allow":["GET"]}}],"collection":[{"href":"https:\/\/news.digitaltv.com.ar\/index.php?rest_route=\/wp\/v2\/posts"}],"about":[{"href":"https:\/\/news.digitaltv.com.ar\/index.php?rest_route=\/wp\/v2\/types\/post"}],"author":[{"embeddable":true,"href":"https:\/\/news.digitaltv.com.ar\/index.php?rest_route=\/wp\/v2\/users\/1"}],"replies":[{"embeddable":true,"href":"https:\/\/news.digitaltv.com.ar\/index.php?rest_route=%2Fwp%2Fv2%2Fcomments&post=8719"}],"version-history":[{"count":1,"href":"https:\/\/news.digitaltv.com.ar\/index.php?rest_route=\/wp\/v2\/posts\/8719\/revisions"}],"predecessor-version":[{"id":8720,"href":"https:\/\/news.digitaltv.com.ar\/index.php?rest_route=\/wp\/v2\/posts\/8719\/revisions\/8720"}],"wp:featuredmedia":[{"embeddable":true,"href":"https:\/\/news.digitaltv.com.ar\/index.php?rest_route=\/wp\/v2\/media\/1097"}],"wp:attachment":[{"href":"https:\/\/news.digitaltv.com.ar\/index.php?rest_route=%2Fwp%2Fv2%2Fmedia&parent=8719"}],"wp:term":[{"taxonomy":"category","embeddable":true,"href":"https:\/\/news.digitaltv.com.ar\/index.php?rest_route=%2Fwp%2Fv2%2Fcategories&post=8719"},{"taxonomy":"post_tag","embeddable":true,"href":"https:\/\/news.digitaltv.com.ar\/index.php?rest_route=%2Fwp%2Fv2%2Ftags&post=8719"}],"curies":[{"name":"wp","href":"https:\/\/api.w.org\/{rel}","templated":true}]}}