{"id":895,"date":"2022-03-20T02:04:19","date_gmt":"2022-03-20T05:04:19","guid":{"rendered":"https:\/\/wp.digitaltv.com.ar\/?p=895"},"modified":"2022-03-20T11:57:09","modified_gmt":"2022-03-20T14:57:09","slug":"el-partido-oficialista-pide-recontar-todos-los-votos-de-los-comicios-parlamentarios-en-colombia","status":"publish","type":"post","link":"https:\/\/news.digitaltv.com.ar\/?p=895","title":{"rendered":"El partido oficialista pide recontar &#8220;todos los votos&#8221; de los comicios parlamentarios en Colombia"},"content":{"rendered":"\n<p>El partido oficialista de Colombia, el conservador Centro Democr\u00e1tico, pidi\u00f3 hoy &#8220;un reconteo de todos los votos&#8221; de las elecciones parlamentarias celebradas el 13 de marzo, en las que la izquierda obtuvo su mejor resultado hist\u00f3rico y logr\u00f3 un contundente avance.<\/p>\n\n\n\n<p>Si bien el escrutinio no es a\u00fan definitivo, la formaci\u00f3n cuestion\u00f3 la &#8220;inusual&#8221; diferencia entre el preconteo de sufragios del pasado domingo y los resultados parciales que se dieron a conocer paulatinamente durante la semana.<\/p>\n\n\n\n<p>&#8220;No se deber\u00eda declarar la elecci\u00f3n de candidato alguno hasta hacer un reconteo total, p\u00fablico, voto a voto (&#8230;) Sin claridad el nuevo Congreso ser\u00eda ileg\u00edtimo y muchos ciudadanos no podr\u00edan reconocer el resultado electoral&#8221;, advirti\u00f3 el Centro Democr\u00e1tico en un comunicado.<\/p>\n\n\n\n<p>En los comicios del pasado fin de semana, el partido del presidente Iv\u00e1n Duque pas\u00f3 de 51 a 30 esca\u00f1os en las dos c\u00e1maras del legislativo de 296 asientos.<\/p>\n\n\n\n<p>Por su parte, la coalici\u00f3n de izquierda Pacto Hist\u00f3rico, liderada por el exguerrillero y candidato presidencial Gustavo Petro, consigui\u00f3 una in\u00e9dita bancada de 41 parlamentarios, que de acuerdo al escrutinio preliminar podr\u00eda ser a\u00fan mayor.<\/p>\n\n\n\n<p>&#8220;Es absolutamente sospechoso que el Pacto de Gustavo Petro, de manera exclusiva, hubiera reclamado sobre sitios espec\u00edficos donde le apareci\u00f3 un porcentaje extra\u00f1amente alto de votos que no figuraban en el preconteo&#8221;, se\u00f1al\u00f3 el Centro Democr\u00e1tico.<\/p>\n\n\n\n<p>Previamente, el expresidente \u00c1lvaro Uribe (2002-2010), padrino pol\u00edtico de Duque, hab\u00eda cuestionado en Twitter &#8220;la abrumadora votaci\u00f3n del Petrismo&#8221; en unas elecciones que &#8220;dejan toda la desconfianza&#8221;.<\/p>\n\n\n\n<p>&#8220;A las inconsistencias se suma la abrumadora votaci\u00f3n del Petrismo en zonas de narcotr\u00e1fico. No se puede aceptar este resultado&#8221;, esgrimi\u00f3 Uribe, l\u00edder natural del partido, quien manifest\u00f3 su rechazo horas despu\u00e9s de que el \u00faltimo c\u00f3mputo diese m\u00e1s votos a la alianza de izquierda.<\/p>\n\n\n\n<p>Seg\u00fan el balance m\u00e1s reciente del recuento en el Senado, la izquierda obtuvo 390.000 votos m\u00e1s en comparaci\u00f3n con el preconteo dado a conocer al final de la jornada electoral del domingo.<\/p>\n\n\n\n<p>Una importante diferencia reclamada por Petro -quien llevaba varios d\u00edas denunciando un supuesto fraude-, que la Registradur\u00eda adjudic\u00f3 a &#8220;errores humanos&#8221; que estaban corrigiendo.<\/p>\n\n\n\n<p>Petro, favorito en todas las encuestas para las elecciones presidenciales de mayo, se\u00f1al\u00f3 en Twitter que ese error de dise\u00f1o perjudic\u00f3 al Pacto Hist\u00f3rico y le signific\u00f3 un &#8220;borr\u00f3n de votos&#8221; en el conteo inicial.<\/p>\n\n\n\n<p>Los apoyos de las dem\u00e1s fuerzas pol\u00edticas tambi\u00e9n variaron: Centro Democr\u00e1tico (-53.000 votos), Partido Conservador (-12.000 votos), Partido Liberal (+4.450) y la coalici\u00f3n de centro (-50.900).<\/p>\n\n\n\n<p>A las cr\u00edticas de Uribe respondi\u00f3 inmediatamente Piedad C\u00f3rdoba, elegida como senadora por el Pacto Hist\u00f3rico en estas elecciones.<\/p>\n\n\n\n<p>&#8220;Se\u00f1or \u00c1lvaro Uribe, \u00bfno conf\u00eda en el registrador elegido durante el gobierno de su partido? \u00bfEsto es un llamado a desconocer resultados presidenciales si gana Pacto Hist\u00f3rico? Y as\u00ed, \u00bfse atreve a decir que la dictadura es Venezuela?&#8221;, le recrimin\u00f3, seg\u00faN la agencia de noticias Europa Press.<\/p>\n\n\n\n<p>En tanto, Roy Barreras, uno de los hombres m\u00e1s cercanos a Petro durante la campa\u00f1a, rechaz\u00f3 vincular los votos al Pacto Hist\u00f3rico con las zonas afectadas por el narcotr\u00e1fico.<\/p>\n\n\n\n<p>&#8220;La &#8216;abrumadora votaci\u00f3n del Pacto Hist\u00f3rico en zonas de narcotr\u00e1fico&#8217;? Ganamos curules (esca\u00f1os) y Consulta en Bogot\u00e1, Cali, Barranquilla, Medell\u00edn, Villavicencio \u00a1casi todas las capitales! El Narcotr\u00e1fico est\u00e1 en el Gobierno Duque\/Uribe, no en la ciudadan\u00eda!&#8221;, sentenci\u00f3.<\/p>\n\n\n\n<p>Duque convoc\u00f3 para el martes a una reuni\u00f3n entre autoridades electorales, partidos pol\u00edticos, organismos de control y observadores independientes para &#8220;esclarecer todas las dudas que existen frente&#8221; al escrutinio que &#8220;ha generado controversia&#8221;.<\/p>\n\n\n\n<p>En un comunicado, la Misi\u00f3n de Observaci\u00f3n Electoral de la Uni\u00f3n Europea se\u00f1al\u00f3 fallas de dise\u00f1o en los formatos de la autoridad electoral donde los jurados de votaci\u00f3n consignaron los resultados de cada mesa.<\/p>\n\n\n\n<p>De acuerdo a la misi\u00f3n, era &#8220;extremadamente complejo&#8221; y &#8220;propenso a (&#8230;) errores&#8221;, indic\u00f3 la agencia de noticias AFP.<\/p>\n\n\n\n<figure class=\"wp-block-gallery has-nested-images columns-default is-cropped wp-block-gallery-1 is-layout-flex wp-block-gallery-is-layout-flex\"><\/figure>\n","protected":false},"excerpt":{"rendered":"<p>El partido oficialista de Colombia, el conservador Centro Democr\u00e1tico, pidi\u00f3 hoy &#8220;un reconteo de todos los votos&#8221; de las elecciones parlamentarias celebradas el 13 de marzo, en las que la izquierda obtuvo su mejor resultado hist\u00f3rico y logr\u00f3 un contundente avance. Si bien el escrutinio no es a\u00fan definitivo, la formaci\u00f3n cuestion\u00f3 la &#8220;inusual&#8221; diferencia [&hellip;]<\/p>\n","protected":false},"author":8,"featured_media":896,"comment_status":"open","ping_status":"open","sticky":false,"template":"","format":"standard","meta":{"_monsterinsights_skip_tracking":false,"_monsterinsights_sitenote_active":false,"_monsterinsights_sitenote_note":"","_monsterinsights_sitenote_category":0,"footnotes":""},"categories":[150,6],"tags":[160],"class_list":["post-895","post","type-post","status-publish","format-standard","has-post-thumbnail","hentry","category-actualidad","category-politica","tag-160"],"_links":{"self":[{"href":"https:\/\/news.digitaltv.com.ar\/index.php?rest_route=\/wp\/v2\/posts\/895","targetHints":{"allow":["GET"]}}],"collection":[{"href":"https:\/\/news.digitaltv.com.ar\/index.php?rest_route=\/wp\/v2\/posts"}],"about":[{"href":"https:\/\/news.digitaltv.com.ar\/index.php?rest_route=\/wp\/v2\/types\/post"}],"author":[{"embeddable":true,"href":"https:\/\/news.digitaltv.com.ar\/index.php?rest_route=\/wp\/v2\/users\/8"}],"replies":[{"embeddable":true,"href":"https:\/\/news.digitaltv.com.ar\/index.php?rest_route=%2Fwp%2Fv2%2Fcomments&post=895"}],"version-history":[{"count":1,"href":"https:\/\/news.digitaltv.com.ar\/index.php?rest_route=\/wp\/v2\/posts\/895\/revisions"}],"predecessor-version":[{"id":897,"href":"https:\/\/news.digitaltv.com.ar\/index.php?rest_route=\/wp\/v2\/posts\/895\/revisions\/897"}],"wp:featuredmedia":[{"embeddable":true,"href":"https:\/\/news.digitaltv.com.ar\/index.php?rest_route=\/wp\/v2\/media\/896"}],"wp:attachment":[{"href":"https:\/\/news.digitaltv.com.ar\/index.php?rest_route=%2Fwp%2Fv2%2Fmedia&parent=895"}],"wp:term":[{"taxonomy":"category","embeddable":true,"href":"https:\/\/news.digitaltv.com.ar\/index.php?rest_route=%2Fwp%2Fv2%2Fcategories&post=895"},{"taxonomy":"post_tag","embeddable":true,"href":"https:\/\/news.digitaltv.com.ar\/index.php?rest_route=%2Fwp%2Fv2%2Ftags&post=895"}],"curies":[{"name":"wp","href":"https:\/\/api.w.org\/{rel}","templated":true}]}}