{"id":9136,"date":"2023-06-05T08:59:32","date_gmt":"2023-06-05T11:59:32","guid":{"rendered":"https:\/\/news.digitaltv.com.ar\/?p=9136"},"modified":"2023-06-06T08:47:52","modified_gmt":"2023-06-06T11:47:52","slug":"larreta-no-afloja-en-la-pulseada-por-las-alianzas-y-ratifico-su-intencion-de-sumar-a-schiaretti","status":"publish","type":"post","link":"https:\/\/news.digitaltv.com.ar\/?p=9136","title":{"rendered":"LARRETA NO AFLOJA EN LA PULSEADA POR LAS ALIANZAS Y RATIFIC\u00d3 SU INTENCI\u00d3N DE SUMAR A SCHIARETTI"},"content":{"rendered":"\n<p>El jefe de Gobierno porte\u00f1o y precandidato presidencial del PRO en Juntos por el Cambio (JxC), Horacio Rodr\u00edguez Larreta, ratific\u00f3 hoy su decisi\u00f3n de sumar al gobernador cordob\u00e9s Juan Schiaretti a esa coalici\u00f3n, pero aclar\u00f3 que ello no va en detrimento de los candidatos opositores a la gobernaci\u00f3n y a la intendencia de capital provincial, Luis Juez y Rodrigo de Loredo.<\/p>\n\n\n\n<p>&#8220;El cambio total que los argentinos necesitan exige una nueva mayor\u00eda&#8221;, sostuvo Larreta en una carta abierta en sus redes sociales, al justificar sus pretensiones de ampliar la base de JxC, lo cual mantiene encendida la pol\u00e9mica dentro de la alianza con el sector duro que lidera la otra precandidata a la jefatura de Estado, Patricia Bullrich.<\/p>\n\n\n\n<p>Larreta precis\u00f3 que su propuesta de sumar a Schiaretti &#8220;no va en absoluto en contra de nuestra intenci\u00f3n de ganar la provincia y la ciudad de C\u00f3rdoba con Luis Juez y Rodrigo de Loredo, dos candidatos de lujo que me honra apoyar&#8221;.<\/p>\n\n\n\n<p>Bullrich hab\u00eda salido a rechazar el plan de su rival: &#8220;Me parece que lo de Schiaretti est\u00e1 muy tirado de los pelos, inventado por los que tienen miedo de perder las PASO&#8221;, dijo la dirigente, apuntando al alcalde porte\u00f1o.<\/p>\n\n\n\n<p>A &#8220;los que quieren representar un popurr\u00ed no les va a resultar f\u00e1cil que eso sea Juntos por el Cambio&#8221;, ampli\u00f3 la exministra de Seguridad en declaraciones radiales.<\/p>\n\n\n\n<p>Pero la iniciativa fue apoyada hoy en Twitter por el gobernador de Jujuy, titular de la UCR y precandidato presidencial Gerardo Morales, quien afirm\u00f3: &#8220;La ampliaci\u00f3n de JxC es el camino para reconstruir la gobernabilidad, resolver los problemas del conjunto de los argentinos, ordenar la vida cotidiana de la gente, estabilizar la econom\u00eda y garantizar el desarrollo del pa\u00eds con sentido federal&#8221;.<\/p>\n\n\n\n<p>El secretario de Asuntos P\u00fablicos del gobierno porte\u00f1o, Waldo Wolff, tambi\u00e9n aval\u00f3 esa estrategia y dijo que &#8220;ser el cambio es dejar de discutir la chiquita, dejar de discutir qui\u00e9n me conviene ahora y sumar a todos los que deseen hacerlo para que la transformaci\u00f3n tenga volumen&#8221;.<\/p>\n\n\n\n<p>&#8220;El test de pureza nos achica como espacio. Dejemos de discutir personas y salgamos a proponer ideas. Todos bienvenidos&#8221;, sostuvo Wolff, tras hacer un racconto de extrapartidarios que se sumaron a JxC, como Miguel Pichetto, Joaqu\u00edn de la Torre o Ricardo L\u00f3pez Murphy.<\/p>\n\n\n\n<p>La misma postura sostuvo el precandidato a jefe de Gobierno porte\u00f1o de la UCR y senador Mart\u00edn Lousteau, quien en Twitter expres\u00f3 &#8220;tenemos que ser capaces de construir un proyecto m\u00e1s grande. JxC debe seguir ampli\u00e1ndose, como lo hemos hecho en el pasado con dirigentes como Pichetto o L\u00f3pez Murphy&#8221;.<\/p>\n\n\n\n<p>&#8220;Hay que dejar de lado los egos y trabajar en acuerdos program\u00e1ticos, buscando consensos que nos permitan gobernar mejor y hacer que los cambios que la Argentina necesita sean sustentables en el tiempo&#8221;, afirm\u00f3.<\/p>\n\n\n\n<p>En cambio, la UCR cordobesa se opuso a la idea de Larreta y dijo que el de Schiaretti es &#8220;un modelo de gesti\u00f3n feudal que a lo largo de los a\u00f1os ha deteriorado las instituciones&#8221; en la provincia.<\/p>\n\n\n\n<p>Larreta asever\u00f3 que &#8220;el cambio que necesitamos no es solo pol\u00edtico, es mucho m\u00e1s profundo. No es un tema de nombres. Es, como dije, total. Es un tema de visi\u00f3n, de entender que este sistema en el que vivimos no va m\u00e1s&#8221;.<\/p>\n\n\n\n<p>&#8220;Yo estoy convencido de que para lograrlo, y para que ese cambio dure para siempre, tenemos que ampliar el espacio de cambio que iniciamos con el PRO y con Juntos por el Cambio&#8221;, enfatiz\u00f3.<\/p>\n\n\n\n<p>Sostuvo que &#8220;Mauricio (Macri) y el PRO, la Coalici\u00f3n C\u00edvica y el Radicalismo en 2015 crearon este espacio con esa convicci\u00f3n: juntos somos m\u00e1s que la suma de las partes. Y esa vocaci\u00f3n de ampliarnos, de sumar, no ha parado desde entonces&#8221;.<\/p>\n\n\n\n<p>&#8220;No tengo dudas -precis\u00f3- de que JxC es la mejor herramienta que hemos creado los argentinos para salir de d\u00e9cadas de atraso. Todos son bienvenidos a sumarse a este proyecto colectivo. Sin liderazgos mesi\u00e1nicos y sin exclusiones&#8221;.<\/p>\n\n\n\n<p>Y expres\u00f3 que &#8220;todos los que est\u00e1n comprometidos con el cambio, vengan de donde vengan, son bienvenidos. La vocaci\u00f3n de unidad, de ampliaci\u00f3n y de cambio tiene que estar por encima de intereses personales. Las necesidades y el dolor de los argentinos tienen que estar por delante de cualquier mezquindad pol\u00edtica&#8221;.<\/p>\n\n\n\n<p>A\u00f1adi\u00f3 que &#8220;las conversaciones con referentes nacionales como Juan Schiaretti, Jos\u00e9 Luis Espert o Margarita Stolbizer tienen como \u00fanico objetivo garantizar el cambio en la Argentina&#8221;.<\/p>\n\n\n\n<p>Y especific\u00f3 que &#8220;en el caso de Juan Schiaretti, no va en absoluto en contra de nuestra intenci\u00f3n de ganar la provincia y la ciudad de C\u00f3rdoba con Luis Juez y Rodrigo de Loredo, dos candidatos de lujo que me honra apoyar. S\u00e9 de su compromiso y esfuerzo para dar a C\u00f3rdoba un futuro mejor. Tanto Luis como Rodrigo, son quienes mejor encarnan el proyecto que los cordobeses necesitan&#8221;.<\/p>\n\n\n\n<p>&#8220;JxC tiene que ampliarse y construir una nueva mayor\u00eda con todos aquellos que compartamos los mismos valores: una profunda vocaci\u00f3n de cambio, la defensa de la libertad, la democracia, la rep\u00fablica, y el foco puesto en el hacer por sobre el decir. La Argentina va a salir adelante con la energ\u00eda de millones de argentinos que queremos vivir mejor&#8221;, insisti\u00f3 Larreta.<\/p>\n\n\n\n<p>&#8220;Los argentinos estamos viviendo uno de los momentos m\u00e1s duros de nuestra historia. El gobierno kirchnerista empeor\u00f3 la situaci\u00f3n de cada argentino. Ya son parte del pasado y ser\u00e1n recordados como un gran fracaso. La buena noticia es que el 10 de diciembre vamos a hacer un cambio total en nuestro pa\u00eds&#8221;, dijo.<\/p>\n","protected":false},"excerpt":{"rendered":"<p>El jefe de Gobierno porte\u00f1o y precandidato presidencial del PRO en Juntos por el Cambio (JxC), Horacio Rodr\u00edguez Larreta, ratific\u00f3 hoy su decisi\u00f3n de sumar al gobernador cordob\u00e9s Juan Schiaretti a esa coalici\u00f3n, pero aclar\u00f3 que ello no va en detrimento de los candidatos opositores a la gobernaci\u00f3n y a la intendencia de capital provincial, [&hellip;]<\/p>\n","protected":false},"author":1,"featured_media":7565,"comment_status":"open","ping_status":"open","sticky":false,"template":"","format":"standard","meta":{"_monsterinsights_skip_tracking":false,"_monsterinsights_sitenote_active":false,"_monsterinsights_sitenote_note":"","_monsterinsights_sitenote_category":0,"footnotes":""},"categories":[152],"tags":[160],"class_list":["post-9136","post","type-post","status-publish","format-standard","has-post-thumbnail","hentry","category-pergamino","tag-160"],"_links":{"self":[{"href":"https:\/\/news.digitaltv.com.ar\/index.php?rest_route=\/wp\/v2\/posts\/9136","targetHints":{"allow":["GET"]}}],"collection":[{"href":"https:\/\/news.digitaltv.com.ar\/index.php?rest_route=\/wp\/v2\/posts"}],"about":[{"href":"https:\/\/news.digitaltv.com.ar\/index.php?rest_route=\/wp\/v2\/types\/post"}],"author":[{"embeddable":true,"href":"https:\/\/news.digitaltv.com.ar\/index.php?rest_route=\/wp\/v2\/users\/1"}],"replies":[{"embeddable":true,"href":"https:\/\/news.digitaltv.com.ar\/index.php?rest_route=%2Fwp%2Fv2%2Fcomments&post=9136"}],"version-history":[{"count":1,"href":"https:\/\/news.digitaltv.com.ar\/index.php?rest_route=\/wp\/v2\/posts\/9136\/revisions"}],"predecessor-version":[{"id":9137,"href":"https:\/\/news.digitaltv.com.ar\/index.php?rest_route=\/wp\/v2\/posts\/9136\/revisions\/9137"}],"wp:featuredmedia":[{"embeddable":true,"href":"https:\/\/news.digitaltv.com.ar\/index.php?rest_route=\/wp\/v2\/media\/7565"}],"wp:attachment":[{"href":"https:\/\/news.digitaltv.com.ar\/index.php?rest_route=%2Fwp%2Fv2%2Fmedia&parent=9136"}],"wp:term":[{"taxonomy":"category","embeddable":true,"href":"https:\/\/news.digitaltv.com.ar\/index.php?rest_route=%2Fwp%2Fv2%2Fcategories&post=9136"},{"taxonomy":"post_tag","embeddable":true,"href":"https:\/\/news.digitaltv.com.ar\/index.php?rest_route=%2Fwp%2Fv2%2Ftags&post=9136"}],"curies":[{"name":"wp","href":"https:\/\/api.w.org\/{rel}","templated":true}]}}