{"id":9138,"date":"2023-06-05T09:00:38","date_gmt":"2023-06-05T12:00:38","guid":{"rendered":"https:\/\/news.digitaltv.com.ar\/?p=9138"},"modified":"2023-06-06T08:47:47","modified_gmt":"2023-06-06T11:47:47","slug":"tolosa-paz-el-adversario-es-cambiemos-y-los-libertarios-que-quieren-hacer-desaparecer-el-estado","status":"publish","type":"post","link":"https:\/\/news.digitaltv.com.ar\/?p=9138","title":{"rendered":"TOLOSA PAZ: &#8220;EL ADVERSARIO ES CAMBIEMOS Y LOS LIBERTARIOS QUE QUIEREN HACER DESAPARECER EL ESTADO&#8221;"},"content":{"rendered":"\n<p>La ministra de Desarrollo Social de la Naci\u00f3n y precandidata a gobernadora bonaerense por el Frente de Todos, Victoria Tolosa Paz, ratific\u00f3 hoy su decisi\u00f3n de competir en las PASO para &#8220;debatir y construir&#8221; y afirm\u00f3 hoy que &#8220;el adversario es claramente la alianza Cambiemos y esas alianzas de libertarios que proponen que el Estado tiene que desaparecer&#8221;.<\/p>\n\n\n\n<p>&#8220;A dejarlo todo en la cancha&#8221;, dijo Tolosa Paz en su cuenta de Twitter, donde afirm\u00f3 que &#8220;como soy peronista, bonaerense y soy profundamente voluntariosa y trabajadora como (el precandidato presidencial) Daniel Scioli, los dos juntos hemos decidido salir a la cancha a competir&#8221;.<\/p>\n\n\n\n<p>&#8220;Estamos convencidas y convencidos de que hay que saldar las diferencias para hacer un material m\u00e1s firme y duradero por el resto de los a\u00f1os que nos toque gobernar. No se trata de ir a unas PASO para eliminar, para da\u00f1arnos entre compa\u00f1eras y compa\u00f1eros del frente pol\u00edtico&#8221;, aclar\u00f3.<\/p>\n\n\n\n<p>Y sostuvo que &#8220;realmente el adversario de nuestra forma de ver la provincia de Buenos Aires y la Argentina, es claramente la alianza Cambiemos y esas alianzas de libertarios que proponen que el Estado tiene que desaparecer&#8221;.<\/p>\n\n\n\n<p>La decisi\u00f3n de presentarse como precandidata a gobernadora y competir en las PASO &#8220;no es una imposici\u00f3n, sino que es lo que la militancia le ven\u00eda reclamando a la dirigencia pol\u00edtica, que es abrir barreras y poner abierto el partido, el movimiento y la participaci\u00f3n democr\u00e1tica de cada militante pol\u00edtico para debatir y para construir&#8221;, enfatiz\u00f3 Tolosa Paz.<\/p>\n","protected":false},"excerpt":{"rendered":"<p>La ministra de Desarrollo Social de la Naci\u00f3n y precandidata a gobernadora bonaerense por el Frente de Todos, Victoria Tolosa Paz, ratific\u00f3 hoy su decisi\u00f3n de competir en las PASO para &#8220;debatir y construir&#8221; y afirm\u00f3 hoy que &#8220;el adversario es claramente la alianza Cambiemos y esas alianzas de libertarios que proponen que el Estado [&hellip;]<\/p>\n","protected":false},"author":1,"featured_media":6045,"comment_status":"open","ping_status":"open","sticky":false,"template":"","format":"standard","meta":{"_monsterinsights_skip_tracking":false,"_monsterinsights_sitenote_active":false,"_monsterinsights_sitenote_note":"","_monsterinsights_sitenote_category":0,"footnotes":""},"categories":[152],"tags":[160],"class_list":["post-9138","post","type-post","status-publish","format-standard","has-post-thumbnail","hentry","category-pergamino","tag-160"],"_links":{"self":[{"href":"https:\/\/news.digitaltv.com.ar\/index.php?rest_route=\/wp\/v2\/posts\/9138","targetHints":{"allow":["GET"]}}],"collection":[{"href":"https:\/\/news.digitaltv.com.ar\/index.php?rest_route=\/wp\/v2\/posts"}],"about":[{"href":"https:\/\/news.digitaltv.com.ar\/index.php?rest_route=\/wp\/v2\/types\/post"}],"author":[{"embeddable":true,"href":"https:\/\/news.digitaltv.com.ar\/index.php?rest_route=\/wp\/v2\/users\/1"}],"replies":[{"embeddable":true,"href":"https:\/\/news.digitaltv.com.ar\/index.php?rest_route=%2Fwp%2Fv2%2Fcomments&post=9138"}],"version-history":[{"count":1,"href":"https:\/\/news.digitaltv.com.ar\/index.php?rest_route=\/wp\/v2\/posts\/9138\/revisions"}],"predecessor-version":[{"id":9139,"href":"https:\/\/news.digitaltv.com.ar\/index.php?rest_route=\/wp\/v2\/posts\/9138\/revisions\/9139"}],"wp:featuredmedia":[{"embeddable":true,"href":"https:\/\/news.digitaltv.com.ar\/index.php?rest_route=\/wp\/v2\/media\/6045"}],"wp:attachment":[{"href":"https:\/\/news.digitaltv.com.ar\/index.php?rest_route=%2Fwp%2Fv2%2Fmedia&parent=9138"}],"wp:term":[{"taxonomy":"category","embeddable":true,"href":"https:\/\/news.digitaltv.com.ar\/index.php?rest_route=%2Fwp%2Fv2%2Fcategories&post=9138"},{"taxonomy":"post_tag","embeddable":true,"href":"https:\/\/news.digitaltv.com.ar\/index.php?rest_route=%2Fwp%2Fv2%2Ftags&post=9138"}],"curies":[{"name":"wp","href":"https:\/\/api.w.org\/{rel}","templated":true}]}}