{"id":9201,"date":"2023-06-09T08:55:21","date_gmt":"2023-06-09T11:55:21","guid":{"rendered":"https:\/\/news.digitaltv.com.ar\/?p=9201"},"modified":"2023-06-12T10:15:52","modified_gmt":"2023-06-12T13:15:52","slug":"el-estado-esta-para-acompanar-a-los-productores-en-fortalecer-el-crecimiento-afirmo-bahillo","status":"publish","type":"post","link":"https:\/\/news.digitaltv.com.ar\/?p=9201","title":{"rendered":"&#8220;EL ESTADO EST\u00c1 PARA ACOMPA\u00d1AR A LOS PRODUCTORES EN FORTALECER EL CRECIMIENTO&#8221; AFIRM\u00d3 BAHILLO"},"content":{"rendered":"\n<p>El secretario de Agricultura, Ganader\u00eda y Pesca de la Naci\u00f3n, Juan Jos\u00e9 Bahillo, afirm\u00f3 hoy que &#8220;el Estado est\u00e1 para acompa\u00f1ar la fuerza de los productores en su tarea de fortalecer el crecimiento con inclusi\u00f3n social&#8221;, al participar de la inauguraci\u00f3n de la muestra agropecuaria Agroactiva en la ciudad santafesina de Armstrong.<\/p>\n\n\n\n<p>Adem\u00e1s, junto a la presidenta del Banco Naci\u00f3n, Silvina Batakis, Bahillo lanz\u00f3 una l\u00ednea de cr\u00e9dito de $60.000 millones a tasa bonificada para impulsar la inversi\u00f3n agroindustrial.<\/p>\n\n\n\n<p>El funcionario se\u00f1al\u00f3 que &#8220;el Estado entiende los problemas que la sequ\u00eda y las heladas le generaron a los productores&#8221; y que en esa sinton\u00eda se trabaja con las provincias y los organismos del Estado para superar los problemas del pa\u00eds.<\/p>\n\n\n\n<p>Sobre el viaje que realiz\u00f3 junto al ministro de Econom\u00eda, Sergio Massa, a la Rep\u00fablica Popular China, Bahillo destac\u00f3 &#8220;el inter\u00e9s que hay en el mundo por la Argentina&#8221;, y que solo se solucionan los problemas con &#8220;m\u00e1s crecimiento y exportaci\u00f3n&#8221;.<\/p>\n\n\n\n<p>En referencia a la l\u00ednea de cr\u00e9ditos, Batakis indic\u00f3 que el objetivo es &#8220;aportar herramientas a los productores para transitar la salida de la sequ\u00eda de la mejor manera, y que puedan renovar sus bienes de capital y la compra de insumos a tasa negativa&#8221;.<\/p>\n\n\n\n<p>Tambi\u00e9n presente en la muestra, el ministro de Transporte de la Naci\u00f3n, Diego Giuliano, resalt\u00f3 el vinculo entre el sector del agro y el Ministerio que encabeza.<\/p>\n\n\n\n<p>&#8220;Un Ministerio de Transporte dirigido al desarrollo econ\u00f3mico y, sobre todo, a auxiliar, estar cerca del productor agropecuario, el acopiador, de toda la cadena de producci\u00f3n, porque cada vez que invertimos en transporte ferroviario o nodos log\u00edsticos para el transporte automotor, para los camiones, estamos invirtiendo en bajar el flete, bajar el costo, recursos extras que van directamente al bolsillo de trabajador, quien produce en el interior del pa\u00eds y toda la Argentina&#8221;, explic\u00f3.<\/p>\n\n\n\n<p>La directora de Agroactiva, Rosana Nardi, ponder\u00f3 positivamente el programa de cr\u00e9ditos a tasas bonificadas: &#8220;Agradezco a la Sagyp y el BNA que los productores tendr\u00e1n acceso a cr\u00e9ditos muy convenientes, casi negativos, para que puedan recuperarse&#8221;.<\/p>\n\n\n\n<p>Participaron hoy el jefe de gabinete de la Sagyp, Juan Manuel Fern\u00e1ndez Arocena; el subsecretario de Ganader\u00eda y Producci\u00f3n Animal, Jos\u00e9 Mar\u00eda Romero; el asesor en Relaciones Internacionales, Ariel Mart\u00ednez; el vicepresidente del Senasa, Rodolfo Acerbi; y el secretario de Coordinaci\u00f3n Federal Agropecuaria, Jorge Solmi.<\/p>\n\n\n\n<p>Adem\u00e1s estuvieron presentes el gobernador de Santa Fe, Omar Perotti; la vicegobernadora de Santa Fe, Alejandra Rodenas; el ministro de Producci\u00f3n santafesino, Daniel Costamagna; el ministro de Agricultura de C\u00f3rdoba, Sergio Busso; la presidenta del INTI, Sandra Mayol; y el senador nacional por Santa Fe, Marcelo Lewandowski.<\/p>\n","protected":false},"excerpt":{"rendered":"<p>El secretario de Agricultura, Ganader\u00eda y Pesca de la Naci\u00f3n, Juan Jos\u00e9 Bahillo, afirm\u00f3 hoy que &#8220;el Estado est\u00e1 para acompa\u00f1ar la fuerza de los productores en su tarea de fortalecer el crecimiento con inclusi\u00f3n social&#8221;, al participar de la inauguraci\u00f3n de la muestra agropecuaria Agroactiva en la ciudad santafesina de Armstrong. Adem\u00e1s, junto a [&hellip;]<\/p>\n","protected":false},"author":1,"featured_media":9202,"comment_status":"open","ping_status":"open","sticky":false,"template":"","format":"standard","meta":{"_monsterinsights_skip_tracking":false,"_monsterinsights_sitenote_active":false,"_monsterinsights_sitenote_note":"","_monsterinsights_sitenote_category":0,"footnotes":""},"categories":[152],"tags":[160],"class_list":["post-9201","post","type-post","status-publish","format-standard","has-post-thumbnail","hentry","category-pergamino","tag-160"],"_links":{"self":[{"href":"https:\/\/news.digitaltv.com.ar\/index.php?rest_route=\/wp\/v2\/posts\/9201","targetHints":{"allow":["GET"]}}],"collection":[{"href":"https:\/\/news.digitaltv.com.ar\/index.php?rest_route=\/wp\/v2\/posts"}],"about":[{"href":"https:\/\/news.digitaltv.com.ar\/index.php?rest_route=\/wp\/v2\/types\/post"}],"author":[{"embeddable":true,"href":"https:\/\/news.digitaltv.com.ar\/index.php?rest_route=\/wp\/v2\/users\/1"}],"replies":[{"embeddable":true,"href":"https:\/\/news.digitaltv.com.ar\/index.php?rest_route=%2Fwp%2Fv2%2Fcomments&post=9201"}],"version-history":[{"count":1,"href":"https:\/\/news.digitaltv.com.ar\/index.php?rest_route=\/wp\/v2\/posts\/9201\/revisions"}],"predecessor-version":[{"id":9203,"href":"https:\/\/news.digitaltv.com.ar\/index.php?rest_route=\/wp\/v2\/posts\/9201\/revisions\/9203"}],"wp:featuredmedia":[{"embeddable":true,"href":"https:\/\/news.digitaltv.com.ar\/index.php?rest_route=\/wp\/v2\/media\/9202"}],"wp:attachment":[{"href":"https:\/\/news.digitaltv.com.ar\/index.php?rest_route=%2Fwp%2Fv2%2Fmedia&parent=9201"}],"wp:term":[{"taxonomy":"category","embeddable":true,"href":"https:\/\/news.digitaltv.com.ar\/index.php?rest_route=%2Fwp%2Fv2%2Fcategories&post=9201"},{"taxonomy":"post_tag","embeddable":true,"href":"https:\/\/news.digitaltv.com.ar\/index.php?rest_route=%2Fwp%2Fv2%2Ftags&post=9201"}],"curies":[{"name":"wp","href":"https:\/\/api.w.org\/{rel}","templated":true}]}}