{"id":9347,"date":"2023-06-22T10:38:53","date_gmt":"2023-06-22T13:38:53","guid":{"rendered":"https:\/\/news.digitaltv.com.ar\/?p=9347"},"modified":"2023-06-24T19:52:50","modified_gmt":"2023-06-24T22:52:50","slug":"los-partidos-mayoritarios-de-union-por-la-patria-facilitaron-avales-al-sector-de-scioli-para-que-compita-en-las-paso","status":"publish","type":"post","link":"https:\/\/news.digitaltv.com.ar\/?p=9347","title":{"rendered":"LOS PARTIDOS MAYORITARIOS DE UNI\u00d3N POR LA PATRIA FACILITARON AVALES AL SECTOR DE SCIOLI PARA  QUE COMPITA EN LAS PASO"},"content":{"rendered":"\n<p>Los partidos mayoritarios de Uni\u00f3n por la Patria (UxP) anunciaron hoy que le facilitaron los avales al sector de Daniel Scioli para que el embajador en Brasil pueda competir en las PASO del oficialismo el 13 de agosto, y volvieron a cuestionar que esa l\u00ednea interna haya &#8220;judicializado&#8221; la discusi\u00f3n por el reglamento electoral de la coalici\u00f3n.<\/p>\n\n\n\n<p>&#8220;En el marco del di\u00e1logo permanente entre los representantes de los seis partidos mayoritarios de UxP (Partido Justicialista, Frente Renovador, Frente Grande, Kolina, Partido para la Victoria y Nuevo Encuentro), se decidi\u00f3 facilitarle los avales al sector de Scioli para que pueda presentar su candidatura presidencial&#8221;, se\u00f1alaron esas fuerzas a trav\u00e9s de un comunicado.<\/p>\n\n\n\n<p>Lo hicieron despu\u00e9s de que el sector de Scioli, inscripto como &#8220;Unidos Triunfaremos&#8221;, hubiera interpuesto una impugnaci\u00f3n del reglamento ante la Justicia Electoral bonaerense y la Junta Electoral Partidaria de UxP.<\/p>\n\n\n\n<p>Los referentes de UxP M\u00e1ximo Kirchner, Mario Secco, Carlos Castagneto, Mart\u00edn Sabbatella, Rub\u00e9n Eslaiman y Diana Conti &#8220;acordaron en la tarde de hoy facilitarle&#8221; al espacio de Scioli &#8220;los avales requeridos por la normativa vigente para presentar las distintas candidaturas&#8221;, se inform\u00f3 en el comunicado.<\/p>\n\n\n\n<p>Los dirigentes indicaron que tomaron esa determinaci\u00f3n porque Scioli y el presidente Alberto Fern\u00e1ndez &#8220;no pudieron reunir los avales necesarios para sostener la candidatura presidencial del primero&#8221;.<\/p>\n\n\n\n<p>Tambi\u00e9n se\u00f1alaron que &#8220;resulta sumamente extra\u00f1o que alguien que aspira a conducir los destinos del pa\u00eds no haya conseguido los avales necesarios para ir a elecciones&#8221;.<\/p>\n\n\n\n<p>Pero apuntaron que es a\u00fan &#8220;m\u00e1s extra\u00f1o que, incluso habi\u00e9ndole facilitado dichos avales, sin los cuales no podr\u00eda competir, Scioli y Alberto Fern\u00e1ndez hayan judicializado el reglamento que voluntariamente firmaron&#8221;.<\/p>\n\n\n\n<p>&#8220;La judicializaci\u00f3n de la pol\u00edtica, que el peronismo siempre conden\u00f3 en\u00e9rgicamente, no s\u00f3lo entorpece el proceso electoral en un contexto de conflictividad creciente, sino que es absolutamente funcional a los sectores pol\u00edticos y econ\u00f3micos que siempre han vulnerado los derechos de los argentinos&#8221;, advirti\u00f3 UxP en el comunicado.<\/p>\n\n\n\n<p>Unidos Triunfaremos interpuso hoy en el Poder Judicial una impugnaci\u00f3n del reglamento de UxP para la representaci\u00f3n de las minor\u00edas en las boletas de precandidatos a diputados y senadores bonaerenses, y hab\u00eda solicitado adem\u00e1s que se modificaran las condiciones para la presentaci\u00f3n de los avales.<\/p>\n","protected":false},"excerpt":{"rendered":"<p>Los partidos mayoritarios de Uni\u00f3n por la Patria (UxP) anunciaron hoy que le facilitaron los avales al sector de Daniel Scioli para que el embajador en Brasil pueda competir en las PASO del oficialismo el 13 de agosto, y volvieron a cuestionar que esa l\u00ednea interna haya &#8220;judicializado&#8221; la discusi\u00f3n por el reglamento electoral de [&hellip;]<\/p>\n","protected":false},"author":1,"featured_media":9349,"comment_status":"open","ping_status":"open","sticky":false,"template":"","format":"standard","meta":{"_monsterinsights_skip_tracking":false,"_monsterinsights_sitenote_active":false,"_monsterinsights_sitenote_note":"","_monsterinsights_sitenote_category":0,"footnotes":""},"categories":[6],"tags":[160],"class_list":["post-9347","post","type-post","status-publish","format-standard","has-post-thumbnail","hentry","category-politica","tag-160"],"_links":{"self":[{"href":"https:\/\/news.digitaltv.com.ar\/index.php?rest_route=\/wp\/v2\/posts\/9347","targetHints":{"allow":["GET"]}}],"collection":[{"href":"https:\/\/news.digitaltv.com.ar\/index.php?rest_route=\/wp\/v2\/posts"}],"about":[{"href":"https:\/\/news.digitaltv.com.ar\/index.php?rest_route=\/wp\/v2\/types\/post"}],"author":[{"embeddable":true,"href":"https:\/\/news.digitaltv.com.ar\/index.php?rest_route=\/wp\/v2\/users\/1"}],"replies":[{"embeddable":true,"href":"https:\/\/news.digitaltv.com.ar\/index.php?rest_route=%2Fwp%2Fv2%2Fcomments&post=9347"}],"version-history":[{"count":1,"href":"https:\/\/news.digitaltv.com.ar\/index.php?rest_route=\/wp\/v2\/posts\/9347\/revisions"}],"predecessor-version":[{"id":9350,"href":"https:\/\/news.digitaltv.com.ar\/index.php?rest_route=\/wp\/v2\/posts\/9347\/revisions\/9350"}],"wp:featuredmedia":[{"embeddable":true,"href":"https:\/\/news.digitaltv.com.ar\/index.php?rest_route=\/wp\/v2\/media\/9349"}],"wp:attachment":[{"href":"https:\/\/news.digitaltv.com.ar\/index.php?rest_route=%2Fwp%2Fv2%2Fmedia&parent=9347"}],"wp:term":[{"taxonomy":"category","embeddable":true,"href":"https:\/\/news.digitaltv.com.ar\/index.php?rest_route=%2Fwp%2Fv2%2Fcategories&post=9347"},{"taxonomy":"post_tag","embeddable":true,"href":"https:\/\/news.digitaltv.com.ar\/index.php?rest_route=%2Fwp%2Fv2%2Ftags&post=9347"}],"curies":[{"name":"wp","href":"https:\/\/api.w.org\/{rel}","templated":true}]}}