{"id":9351,"date":"2023-06-22T10:44:34","date_gmt":"2023-06-22T13:44:34","guid":{"rendered":"https:\/\/news.digitaltv.com.ar\/?p=9351"},"modified":"2023-06-24T19:52:41","modified_gmt":"2023-06-24T22:52:41","slug":"bullrich-define-a-su-companero-de-formula-luis-petri-se-perfila-como-el-favorito","status":"publish","type":"post","link":"https:\/\/news.digitaltv.com.ar\/?p=9351","title":{"rendered":"BULLRICH DEFINE A SU COMPA\u00d1ERO DE F\u00d3RMULA: LUIS PETRI SE PERFILA COMO EL FAVORITO"},"content":{"rendered":"\n<p>La precandidata presidencial del PRO en Juntos por el Cambio (JxC) Patricia Bullrich decidir\u00e1 en las pr\u00f3ximas horas, cerca de la fecha l\u00edmite para el cierre de listas, qui\u00e9n ser\u00e1 su compa\u00f1ero de f\u00f3rmula, pero el exdiputado radical Luis Petri se postula como favorito, informaron fuentes cercanas a la exministra de Seguridad.<\/p>\n\n\n\n<p>Si bien distintas versiones aseguraban que Petri ya hab\u00eda sido elegido por la propia Bullrich como su postulante a vice, desde el entorno de la extitular del PRO dijeron a T\u00e9lam que &#8220;no hay nada definido a\u00fan, y el jueves o el viernes se resolver\u00eda&#8221;.<\/p>\n\n\n\n<p>Fue el titular del PRO, Federico Angelini, -y cercano a la exministra- quien dijo recientemente que quien deb\u00eda acompa\u00f1ar a Bullrich &#8220;tiene que ser de la Uni\u00f3n C\u00edvica Radical (UCR)&#8221;.<\/p>\n\n\n\n<p>Entre otros nombres que circularon como posible compa\u00f1ero de f\u00f3rmula est\u00e1n el senador radical Luis Naidenoff; el gobernador de Mendoza, Rodolfo Su\u00e1rez; el presidente del radicalismo bonaerense, Maximiliano Abad, y el diputado nacional Ricardo L\u00f3pez Murphy.<\/p>\n\n\n\n<p>El gobernador Su\u00e1rez dijo que la eventual designaci\u00f3n de Petri &#8220;impacta muy bien dentro del frente Cambia Mendoza&#8221;, el oficialismo en esa provincia.<\/p>\n\n\n\n<p>&#8220;Luis Petri es integrante de Cambia Mendoza, es parte de nuestro equipo, lo hemos escuchado en estos d\u00edas. Dentro de lo que es la democracia y las reglas establecidas en Mendoza, hubo una sana competencia&#8221;, a\u00f1adi\u00f3 Suarez, en referencia a las PASO en las que el exdiputado fue derrotado por el senador Alfredo Cornejo.<\/p>\n\n\n\n<p>&#8220;Me parece muy bien que un mendocino est\u00e9 en una de las f\u00f3rmulas que van a competir para las pr\u00f3ximas elecciones presidenciales&#8221;, destac\u00f3 el mandatario mendocino en conferencia de prensa esta tarde en la Casa de Gobierno para dar detalles sobre proyectos hidroel\u00e9ctricos en la provincia cuyana.<\/p>\n\n\n\n<p>Petri comparte con Bullrich su preocupaci\u00f3n por la seguridad. Fue uno de los autores -junto a Cornejo- de la denominada &#8220;ley Chocobar&#8221;, un frustrado proyecto ingresado a la C\u00e1mara de Diputados en 2020 con el que se intent\u00f3 modificar el art\u00edculo 34 del C\u00f3digo Penal con el objetivo de establecer una &#8220;presunci\u00f3n legal&#8221; que otorgue &#8220;seguridad jur\u00eddica&#8221; a los miembros de las fuerzas de seguridad cuando se encuentren ante un il\u00edcito fuera de su hora de servicio.<\/p>\n\n\n\n<p>&#8220;Proponemos introducir en el art\u00edculo 34 del C\u00f3digo Penal, una presunci\u00f3n legal de cumplimiento del deber cuando un polic\u00eda act\u00faa para defender la vida, la integridad f\u00edsica, la libertad o la propiedad de las v\u00edctimas. Quitamos de ese modo la discrecionalidad de los jueces para determinar cu\u00e1ndo un funcionario act\u00faa en cumplimiento de su deber&#8221;, dijo Petri en una nota firmada por \u00e9l y publicada en Infobae, un texto similar al propio proyecto de ley.<\/p>\n\n\n\n<p>Petri es un abogado mendocino de 46 a\u00f1os que fue diputado entre 2013 y 2021 y que recientemente obtuvo el 17,4% como precandidato a gobernador en las internas dentro del frente Cambia Mendoza, en las que gan\u00f3 Cornejo con el 29,79%.<\/p>\n\n\n\n<p>Tanto Petri como Cornejo conforman el denominado &#8220;Grupo Malbec&#8221;, un sector de dirigentes radicales alineados con &#8220;los halcones&#8221; del PRO, liderados por la propia Bullrich, y que mantienen diferencias con el jefe de Gobierno porte\u00f1o, Horacio Rodr\u00edguez Larreta, y otros radicales como el gobernador juje\u00f1o Gerardo Morales o el senador Mart\u00edn Lousteau.<\/p>\n\n\n\n<p>De ese grupo alineado con Bullrich tambi\u00e9n forman parte la senadora Carolina Losada, el senador Naidenoff, el gobernador correntino Gustavo Vald\u00e9s y su par mendocino Suarez.<\/p>\n","protected":false},"excerpt":{"rendered":"<p>La precandidata presidencial del PRO en Juntos por el Cambio (JxC) Patricia Bullrich decidir\u00e1 en las pr\u00f3ximas horas, cerca de la fecha l\u00edmite para el cierre de listas, qui\u00e9n ser\u00e1 su compa\u00f1ero de f\u00f3rmula, pero el exdiputado radical Luis Petri se postula como favorito, informaron fuentes cercanas a la exministra de Seguridad. Si bien distintas [&hellip;]<\/p>\n","protected":false},"author":1,"featured_media":9352,"comment_status":"open","ping_status":"open","sticky":false,"template":"","format":"standard","meta":{"_monsterinsights_skip_tracking":false,"_monsterinsights_sitenote_active":false,"_monsterinsights_sitenote_note":"","_monsterinsights_sitenote_category":0,"footnotes":""},"categories":[6],"tags":[160],"class_list":["post-9351","post","type-post","status-publish","format-standard","has-post-thumbnail","hentry","category-politica","tag-160"],"_links":{"self":[{"href":"https:\/\/news.digitaltv.com.ar\/index.php?rest_route=\/wp\/v2\/posts\/9351","targetHints":{"allow":["GET"]}}],"collection":[{"href":"https:\/\/news.digitaltv.com.ar\/index.php?rest_route=\/wp\/v2\/posts"}],"about":[{"href":"https:\/\/news.digitaltv.com.ar\/index.php?rest_route=\/wp\/v2\/types\/post"}],"author":[{"embeddable":true,"href":"https:\/\/news.digitaltv.com.ar\/index.php?rest_route=\/wp\/v2\/users\/1"}],"replies":[{"embeddable":true,"href":"https:\/\/news.digitaltv.com.ar\/index.php?rest_route=%2Fwp%2Fv2%2Fcomments&post=9351"}],"version-history":[{"count":1,"href":"https:\/\/news.digitaltv.com.ar\/index.php?rest_route=\/wp\/v2\/posts\/9351\/revisions"}],"predecessor-version":[{"id":9353,"href":"https:\/\/news.digitaltv.com.ar\/index.php?rest_route=\/wp\/v2\/posts\/9351\/revisions\/9353"}],"wp:featuredmedia":[{"embeddable":true,"href":"https:\/\/news.digitaltv.com.ar\/index.php?rest_route=\/wp\/v2\/media\/9352"}],"wp:attachment":[{"href":"https:\/\/news.digitaltv.com.ar\/index.php?rest_route=%2Fwp%2Fv2%2Fmedia&parent=9351"}],"wp:term":[{"taxonomy":"category","embeddable":true,"href":"https:\/\/news.digitaltv.com.ar\/index.php?rest_route=%2Fwp%2Fv2%2Fcategories&post=9351"},{"taxonomy":"post_tag","embeddable":true,"href":"https:\/\/news.digitaltv.com.ar\/index.php?rest_route=%2Fwp%2Fv2%2Ftags&post=9351"}],"curies":[{"name":"wp","href":"https:\/\/api.w.org\/{rel}","templated":true}]}}