{"id":9362,"date":"2023-06-22T19:15:38","date_gmt":"2023-06-22T22:15:38","guid":{"rendered":"https:\/\/news.digitaltv.com.ar\/?p=9362"},"modified":"2023-06-24T19:52:24","modified_gmt":"2023-06-24T22:52:24","slug":"frenetico-cierre-de-listas-en-pergamino","status":"publish","type":"post","link":"https:\/\/news.digitaltv.com.ar\/?p=9362","title":{"rendered":"FRENETICO CIERRE DE LISTAS EN PERGAMINO"},"content":{"rendered":"\n<h2 class=\"wp-block-heading\">Este pr\u00f3ximo s\u00e1bado 24 de junio, a las 24 hs vence el plazo para presentar las listas de candidatos en todas las categor\u00edas, nacional,  provincial y municipal.<\/h2>\n\n\n\n<p>DATA DIGITAL NEWS, hizo una recorrida por los referentes de los diferentes espacios pol\u00edticos de la ciudad. <\/p>\n\n\n\n<p>M\u00e1s all\u00e1 de alguna confusi\u00f3n general, en especial referida a las reglas electorales de los distintos partidos y coaliciones, los que se postulan como precandidatos son los siguientes.<\/p>\n\n\n\n<p>En cuanto al oficialismo de JUNTOS, la preponderancia de la figura del Intendente Javier Mart\u00ednez es absoluta, cada vez es mas cercana la posibilidad de ir por las listas de los dos candidatos nacionales del espacio, Larreta y Bullrich, as\u00ed como vienen pidiendo los intendentes tanto del PRO como Radicales de la provincia, quienes se niegan a que &nbsp;los candidatos nacionales los obliguen a elegir. En su lista estar\u00edan confirmados los radicales m\u00e1s cercanos, Gabriela Taruselli y Diego Basanta y hay hermetismo respecto a quienes ser\u00edan los candidatos del PRO, se habla de Ignacio Maiztegui y Ana Di Santo, sin que se descarte alguna sorpresa. &nbsp;<\/p>\n\n\n\n<p>Resta saber si tambi\u00e9n tendr\u00edan lista los precandidatos que se referencian en Patricia Bullrich. La actividad en los bunkers de Pablo Biglieri y Jorge Josifovich, a quien se vio en las redes firmando la lista con su primera candidata a concejal Eugenia Villata, es febril. <\/p>\n\n\n\n<p>A su vez al radical Sergio Bocanera, tambi\u00e9n referido en Bullrich pero sin descartar una candidatura dentro de un esquema radical, lo acompa\u00f1an los referentes del radicalismo que ganaron el comit\u00e9 en las \u00faltimas elecciones, entre los que destacan el ex Intendente Cachi Guti\u00e9rrez, Fernando Escobar y el referente de Evoluci\u00f3n Radical,&nbsp; Walter Baccarini.<\/p>\n\n\n\n<blockquote class=\"wp-block-quote is-layout-flow wp-block-quote-is-layout-flow\"><p>En Uni\u00f3n por la Patria, ex Frente de Todos, la situaci\u00f3n dista de ser f\u00e1cil. <\/p><\/blockquote>\n\n\n\n<p>La lista de Alejandro Masague, referenciada en Jos\u00e9 Agudo y Pedro Courtial, llevar\u00eda como primera candidata a Graciela Gonz\u00e1lez y Horacio Stradolini. La lista del actual concejal \u00c1lvaro Reynoso, referenciada en Lisandro Bormioli, llevar\u00eda como concejales a Willy Aiello y Silvia Viera. Sobre el fin de semana largo se hablaba de una posible unidad entre estas dos listas, pero las negociaciones est\u00e1n estancadas, ya que no solo se trata de sumar los dos espacios, sino de integrar a la lista de concejales al Frente Renovador, referidos en Marita Conti, que propone a Bernardo Fiore,  a La C\u00e1mpora, con Nicolas Cabrera como principal referente y a Nuevo Encuentro, referenciado en Laura Clark, adem\u00e1s de movimientos sociales kirchneristas.  Todos pretenden lugares de expectancia, teniendo en cuenta que la situaci\u00f3n dista de ser la del 2019, donde el Frente de Todos ingreso cuatro Concejales y &nbsp;ni siquiera la de 2021, donde ingresaron tres.  <\/p>\n\n\n\n<p>Y si algo faltaba para complejizar la situaci\u00f3n, el s\u00e1bado se lanzo la lista de Maximiliano Brajer, actual presidente del PJ local, que llevar\u00eda como concejales a Juanito Cabrera y Griselda Benavidez. Estas tres listas, estar\u00edan todas referenciadas  en la candidatura de Wado de Pedro, reci\u00e9n confirmada en medios nacionales. Adem\u00e1s, en el d\u00eda de hoy en medios locales se hablo de la candidatura del periodista Memo Garc\u00eda, acompa\u00f1ado de Juan Bravo y Luis Giame, referenciados en la candidatura de Daniel Scioli . Y no se descarta la candidatura de Riki Ruggeri, si bien no se pudo ubicar a ninguno de sus referentes. <\/p>\n\n\n\n<blockquote class=\"wp-block-quote is-layout-flow wp-block-quote-is-layout-flow\"><p>Todos pescan en la misma pecera, ya que mas all\u00e1 de las l\u00edneas nacionales, la elecci\u00f3n es por simple mayor\u00eda de votos. <\/p><\/blockquote>\n\n\n\n<p>En el espacio de Milei, &nbsp;la candidatura de Fabi\u00e1n Cejas est\u00e1 en discusi\u00f3n, a los problemas del espacio a nivel nacional y provincial, se suma &nbsp;la aparici\u00f3n del abogado Guillermo Milano, quien alega ser el \u00fanico referente de Milei, &nbsp;quien le discute el lugar. Los concejales confirmados serian Jorge Dib e Ivana Tribouley.<\/p>\n\n\n\n<p>Ser\u00e1n fren\u00e9ticas las pr\u00f3ximas 48 hs., los pol\u00edticos no dormir\u00e1n hasta bien entrada la noche del s\u00e1bado. &nbsp;<\/p>\n","protected":false},"excerpt":{"rendered":"<p>Definiciones de los principales espacios pol\u00edticos de Pergamino de cara al cierre de Listas para las PASO locales. <\/p>\n","protected":false},"author":1,"featured_media":3050,"comment_status":"open","ping_status":"open","sticky":false,"template":"","format":"standard","meta":{"_monsterinsights_skip_tracking":false,"_monsterinsights_sitenote_active":false,"_monsterinsights_sitenote_note":"","_monsterinsights_sitenote_category":0,"footnotes":""},"categories":[152,6],"tags":[159],"class_list":["post-9362","post","type-post","status-publish","format-standard","has-post-thumbnail","hentry","category-pergamino","category-politica","tag-159"],"_links":{"self":[{"href":"https:\/\/news.digitaltv.com.ar\/index.php?rest_route=\/wp\/v2\/posts\/9362","targetHints":{"allow":["GET"]}}],"collection":[{"href":"https:\/\/news.digitaltv.com.ar\/index.php?rest_route=\/wp\/v2\/posts"}],"about":[{"href":"https:\/\/news.digitaltv.com.ar\/index.php?rest_route=\/wp\/v2\/types\/post"}],"author":[{"embeddable":true,"href":"https:\/\/news.digitaltv.com.ar\/index.php?rest_route=\/wp\/v2\/users\/1"}],"replies":[{"embeddable":true,"href":"https:\/\/news.digitaltv.com.ar\/index.php?rest_route=%2Fwp%2Fv2%2Fcomments&post=9362"}],"version-history":[{"count":7,"href":"https:\/\/news.digitaltv.com.ar\/index.php?rest_route=\/wp\/v2\/posts\/9362\/revisions"}],"predecessor-version":[{"id":9373,"href":"https:\/\/news.digitaltv.com.ar\/index.php?rest_route=\/wp\/v2\/posts\/9362\/revisions\/9373"}],"wp:featuredmedia":[{"embeddable":true,"href":"https:\/\/news.digitaltv.com.ar\/index.php?rest_route=\/wp\/v2\/media\/3050"}],"wp:attachment":[{"href":"https:\/\/news.digitaltv.com.ar\/index.php?rest_route=%2Fwp%2Fv2%2Fmedia&parent=9362"}],"wp:term":[{"taxonomy":"category","embeddable":true,"href":"https:\/\/news.digitaltv.com.ar\/index.php?rest_route=%2Fwp%2Fv2%2Fcategories&post=9362"},{"taxonomy":"post_tag","embeddable":true,"href":"https:\/\/news.digitaltv.com.ar\/index.php?rest_route=%2Fwp%2Fv2%2Ftags&post=9362"}],"curies":[{"name":"wp","href":"https:\/\/api.w.org\/{rel}","templated":true}]}}