{"id":9377,"date":"2023-06-23T09:03:32","date_gmt":"2023-06-23T12:03:32","guid":{"rendered":"https:\/\/news.digitaltv.com.ar\/?p=9377"},"modified":"2023-06-24T19:52:06","modified_gmt":"2023-06-24T22:52:06","slug":"larreta-quiere-a-pichetto-como-presidente-en-la-camara-de-diputados","status":"publish","type":"post","link":"https:\/\/news.digitaltv.com.ar\/?p=9377","title":{"rendered":"LARRETA QUIERE A PICHETTO COMO PRESIDENTE EN LA C\u00c1MARA DE DIPUTADOS"},"content":{"rendered":"\n<p>Horacio Rodr\u00edguez Larreta present\u00f3 este jueves a Miguel \u00c1ngel Pichetto, quien encabezar\u00e1 la lista de diputados nacionales por la provincia de Buenos Aires, junto a Silvia Lospennato. \u201cQuiero anunciarles que una vez elegido presidente voy a proponerle al Congreso que Miguel sea el presidente de la C\u00e1mara de Diputados\u201d, plante\u00f3 el jefe de Gobierno porte\u00f1o en el acto de lanzamiento. Y lo reforz\u00f3 minutos m\u00e1s tarde en Twitter: \u201cMiguel es un hombre de valores y convicciones profundas, un gran defensor de la libertad\u201d.<\/p>\n\n\n\n<p>El acto del mandatario porte\u00f1o se realiz\u00f3 poco despu\u00e9s que Patricia Bullrich, su rival en la interna de Juntos por el Cambio, anunciara que Luis Petri iba a ser su compa\u00f1ero de f\u00f3rmula para competir en las PASO.Rodr\u00edguez Larreta todav\u00eda no anunci\u00f3 quien ser\u00e1 su candidato a vicepresidente, pese a que dej\u00f3 trascender que puede ser el gobernador de Jujuy, Gerardo Morales, quien se encuentra en medio de un grave conflicto por la reforma de la Constituci\u00f3n provincial.\u201cNueva mayor\u00eda amplia\u201dEn la presentaci\u00f3n en Vicente L\u00f3pez el precandidato a presidente de Juntos por el Cambio sostuvo que en la nueva etapa que se viene en el pa\u00eds es necesario \u201cuna nueva mayor\u00eda amplia\u201d en el Congreso para impulsar los cambios y nuevas leyes.\u201cLos cambios que Argentina necesita para cambiar la vida a la gente requieren leyes, eso supone que tengamos toda la fuerza, experiencia, el equipo fortalecido en el Congreso tanto en Diputados como en Senadores\u201d, remarc\u00f3 Rodr\u00edguez Larreta.<\/p>\n\n\n\n<p>En esa l\u00ednea, se\u00f1al\u00f3 que se viene una etapa de \u201cmucho acuerdo parlamentario\u201d y que por eso la figura del exsenador ser\u00e1 fundamental para generar consensos junto a una \u201cmayor\u00eda s\u00f3lida\u201d en el Congreso.\u201cUna gran alegr\u00eda\u201dTras el acto, Rodr\u00edguez Larreta expres\u00f3 en Twitter que \u201cpara el Colo (Diego Santilli) y para m\u00ed es una gran alegr\u00eda que Miguel Pichetto encabece nuestra lista de diputados nacionales por la provincia de Buenos Aires, acompa\u00f1ado en segundo lugar por Silvia Lospennato y tambi\u00e9n por M\u00f3nica Frade que va a renovar su banca y con todo el apoyo de Maricel Etchecoin, presidenta de la Coalici\u00f3n C\u00edvica de la provincia\u201d. A\u00f1adi\u00f3 que \u201clos bonaerenses van a tener el privilegio de ser representados por ellos\u201d.<\/p>\n","protected":false},"excerpt":{"rendered":"<p>Horacio Rodr\u00edguez Larreta present\u00f3 este jueves a Miguel \u00c1ngel Pichetto, quien encabezar\u00e1 la lista de diputados nacionales por la provincia de Buenos Aires, junto a Silvia Lospennato. \u201cQuiero anunciarles que una vez elegido presidente voy a proponerle al Congreso que Miguel sea el presidente de la C\u00e1mara de Diputados\u201d, plante\u00f3 el jefe de Gobierno porte\u00f1o [&hellip;]<\/p>\n","protected":false},"author":1,"featured_media":9378,"comment_status":"open","ping_status":"open","sticky":false,"template":"","format":"standard","meta":{"_monsterinsights_skip_tracking":false,"_monsterinsights_sitenote_active":false,"_monsterinsights_sitenote_note":"","_monsterinsights_sitenote_category":0,"footnotes":""},"categories":[6],"tags":[160],"class_list":["post-9377","post","type-post","status-publish","format-standard","has-post-thumbnail","hentry","category-politica","tag-160"],"_links":{"self":[{"href":"https:\/\/news.digitaltv.com.ar\/index.php?rest_route=\/wp\/v2\/posts\/9377","targetHints":{"allow":["GET"]}}],"collection":[{"href":"https:\/\/news.digitaltv.com.ar\/index.php?rest_route=\/wp\/v2\/posts"}],"about":[{"href":"https:\/\/news.digitaltv.com.ar\/index.php?rest_route=\/wp\/v2\/types\/post"}],"author":[{"embeddable":true,"href":"https:\/\/news.digitaltv.com.ar\/index.php?rest_route=\/wp\/v2\/users\/1"}],"replies":[{"embeddable":true,"href":"https:\/\/news.digitaltv.com.ar\/index.php?rest_route=%2Fwp%2Fv2%2Fcomments&post=9377"}],"version-history":[{"count":1,"href":"https:\/\/news.digitaltv.com.ar\/index.php?rest_route=\/wp\/v2\/posts\/9377\/revisions"}],"predecessor-version":[{"id":9379,"href":"https:\/\/news.digitaltv.com.ar\/index.php?rest_route=\/wp\/v2\/posts\/9377\/revisions\/9379"}],"wp:featuredmedia":[{"embeddable":true,"href":"https:\/\/news.digitaltv.com.ar\/index.php?rest_route=\/wp\/v2\/media\/9378"}],"wp:attachment":[{"href":"https:\/\/news.digitaltv.com.ar\/index.php?rest_route=%2Fwp%2Fv2%2Fmedia&parent=9377"}],"wp:term":[{"taxonomy":"category","embeddable":true,"href":"https:\/\/news.digitaltv.com.ar\/index.php?rest_route=%2Fwp%2Fv2%2Fcategories&post=9377"},{"taxonomy":"post_tag","embeddable":true,"href":"https:\/\/news.digitaltv.com.ar\/index.php?rest_route=%2Fwp%2Fv2%2Ftags&post=9377"}],"curies":[{"name":"wp","href":"https:\/\/api.w.org\/{rel}","templated":true}]}}