{"id":9392,"date":"2023-06-24T19:54:33","date_gmt":"2023-06-24T22:54:33","guid":{"rendered":"https:\/\/news.digitaltv.com.ar\/?p=9392"},"modified":"2023-06-26T10:34:09","modified_gmt":"2023-06-26T13:34:09","slug":"tras-un-primer-trimestre-con-crecimiento-la-industria-y-el-consumo-muestran-senales-dispares","status":"publish","type":"post","link":"https:\/\/news.digitaltv.com.ar\/?p=9392","title":{"rendered":"TRAS UN PRIMER TRIMESTRE CON CRECIMIENTO, LA INDUSTRIA Y EL CONSUMO MUESTRAN SE\u00d1ALES DISPARES"},"content":{"rendered":"\n<p>El PBI creci\u00f3 1,3% interanual y 0,7% en comparaci\u00f3n con el cierre de 2022. La actividad fabril habr\u00eda ca\u00eddo en mayo, y el consumo masivo se sostiene a pesar de la alta inflaci\u00f3n, aunque desacelera.<\/p>\n\n\n\n<p>La econom\u00eda cerr\u00f3 el <strong>primer trimestre<\/strong> con un<strong> avance <\/strong>en la actividad a pesar de las dificultades macro como la<strong> aceleraci\u00f3n inflacionaria<\/strong> y la <strong>escasez de d\u00f3lares<\/strong> que complic\u00f3 el abastecimiento de insumos importados. Las se\u00f1ales hacia adelante que arrojan distintos sectores son, por el momento, dispares, al observar dos rubros decisivos como la industria manufacturera y el consumo.<\/p>\n\n\n\n<p>Seg\u00fan reflej\u00f3 este jueves el Indec<strong>, el PBI creci\u00f3 un 0,7%<\/strong> en el primer trimestre del a\u00f1o en t\u00e9rminos desestacionalizados, mientras que en comparaci\u00f3n con el mismo per\u00edodo del 2022, el Producto tuvo una expansi\u00f3n de 1,3 por ciento.<\/p>\n\n\n\n<p>En la demanda global se observ\u00f3 un descenso de 0,6% en la formaci\u00f3n bruta de capital fijo y una ca\u00edda de 6% en las exportaciones de bienes y servicios reales. En tanto, el consumo privado creci\u00f3 6% en t\u00e9rminos interanuales y el p\u00fablico ascendi\u00f3 1,6 por ciento.<\/p>\n\n\n\n<p>Adem\u00e1s, en t\u00e9rminos desestacionalizados, respecto del cuarto trimestre de 2022, las importaciones crecieron<strong> 7,6%<\/strong>, el consumo privado registr\u00f3 un incremento de <strong>2,1%<\/strong>, el p\u00fablico aument\u00f3<strong> 2,7<\/strong>% y las exportaciones descendieron <strong>13,5%<\/strong>; mientras que la formaci\u00f3n bruta de capital fijo tuvo un aumento de <strong>2,1 por ciento<\/strong>. Y en la interanual del primer trimestre, la formaci\u00f3n bruta de capital fijo (inversi\u00f3n) experiment\u00f3 un descenso de <strong>0,6%<\/strong> respecto al mismo per\u00edodo del a\u00f1o anterior.<\/p>\n\n\n\n<p>El panorama tras ese primer dato del PBI es dispar. Datos preliminares de industria y construcci\u00f3n de abril seg\u00fan el Indec reflejaron, respectivamente, una mejora de <strong>1,7% en abril<\/strong>, y una reducci\u00f3n de<strong> 4%<\/strong> en comparaci\u00f3n con el mismo mes de 2022. El \u00faltimo d\u00eda de junio se conocer\u00e1 el Estimador Mensual de la Actividad Econ\u00f3mica (EMAE) del cuarto mes del a\u00f1o.<\/p>\n\n\n\n<p>Las estimaciones privadas tambi\u00e9n registran distintos fen\u00f3menos. Por un lado, la Fundaci\u00f3n FIEL registr\u00f3 a trav\u00e9s de su \u00cdndice de Producci\u00f3n Industrial (IPI) que la <strong>actividad fabril<\/strong> tuvo una ca\u00edda interanual de <strong>3,4% en mayo<\/strong>.<\/p>\n\n\n\n<p>\u201cDurante el \u00faltimo a\u00f1o, el desempe\u00f1o de los sectores fue diverso, con resultados que en alg\u00fan caso vienen determinados por los efectos asociados a las<strong> fuertes restricciones<\/strong> en las importaciones vigentes en la actualidad. No obstante, el nivel de actividad por el periodo enero-mayo alcanz\u00f3 los valores del mismo periodo de 2022. De esta manera, se observa que el ritmo de ca\u00edda que muestra el promedio de la industria <strong>es bajo<\/strong>, tal como ocurri\u00f3 en las recesiones m\u00e1s prolongadas del pasado\u201d, consider\u00f3 FIEL.<\/p>\n\n\n\n<p>\u201cRespecto de los sectores que tuvieron un retroceso de la producci\u00f3n en la comparaci\u00f3n interanual, al interior de la rama de alimentos y bebidas, se observ\u00f3 un <strong>mal desempe\u00f1o<\/strong> en la producci\u00f3n de aceites y algunas bebidas. Por el contrario, la faena vacuna volvi\u00f3 a mostrar un importante aumento en la comparaci\u00f3n interanual, acumulando <strong>trece meses de mejora<\/strong>\u201d, recopil\u00f3 ese centro de estudios.<\/p>\n\n\n\n<p>En otro plano, asegur\u00f3 FIEL que \u201cen cuanto al avance de los sectores en el acumulado para los primeros cinco meses del a\u00f1o y en la comparaci\u00f3n con el mismo periodo de 2022, el ranking de crecimiento contin\u00faa siendo liderado por la producci\u00f3n de la rama automotriz que acumula<strong> una mejora de 24%<\/strong>, seguida de la de minerales no met\u00e1licos que registra un avance de 15,7%\u201d, midi\u00f3.<\/p>\n\n\n\n<p>Por su parte, la refinaci\u00f3n de petr\u00f3leo creci\u00f3 12,5% en los primeros cinco meses, mientras que la producci\u00f3n de las industrias met\u00e1licas b\u00e1sicas lo hizo 11,2% sobre la misma base de comparaci\u00f3n. \u201cM\u00e1s atr\u00e1s se colocan los despachos de cigarrillos (6,4%), la producci\u00f3n de insumos textiles (0,5%) y la de papel y celulosa (0,4 por ciento). En el caso de la producci\u00f3n de alimentos y bebidas, el nivel de actividad resulta ligeramente inferior al alcanzado en el periodo enero\u2010mayo del a\u00f1o pasado\u201d, asegur\u00f3 FIEL.<\/p>\n\n\n\n<p>Por su parte, la refinaci\u00f3n de petr\u00f3leo creci\u00f3 12,5% en los primeros cinco meses, mientras que la producci\u00f3n de las industrias met\u00e1licas b\u00e1sicas lo hizo 11,2% sobre la misma base de comparaci\u00f3n. \u201cM\u00e1s atr\u00e1s se colocan los despachos de cigarrillos (6,4%), la producci\u00f3n de insumos textiles (0,5%) y la de papel y celulosa (0,4 por ciento). En el caso de la producci\u00f3n de alimentos y bebidas, el nivel de actividad resulta ligeramente inferior al alcanzado en el periodo enero\u2010mayo del a\u00f1o pasado\u201d, asegur\u00f3 FIEL.<\/p>\n","protected":false},"excerpt":{"rendered":"<p>El PBI creci\u00f3 1,3% interanual y 0,7% en comparaci\u00f3n con el cierre de 2022. La actividad fabril habr\u00eda ca\u00eddo en mayo, y el consumo masivo se sostiene a pesar de la alta inflaci\u00f3n, aunque desacelera. La econom\u00eda cerr\u00f3 el primer trimestre con un avance en la actividad a pesar de las dificultades macro como la [&hellip;]<\/p>\n","protected":false},"author":1,"featured_media":9393,"comment_status":"open","ping_status":"open","sticky":false,"template":"","format":"standard","meta":{"_monsterinsights_skip_tracking":false,"_monsterinsights_sitenote_active":false,"_monsterinsights_sitenote_note":"","_monsterinsights_sitenote_category":0,"footnotes":""},"categories":[152],"tags":[160],"class_list":["post-9392","post","type-post","status-publish","format-standard","has-post-thumbnail","hentry","category-pergamino","tag-160"],"_links":{"self":[{"href":"https:\/\/news.digitaltv.com.ar\/index.php?rest_route=\/wp\/v2\/posts\/9392","targetHints":{"allow":["GET"]}}],"collection":[{"href":"https:\/\/news.digitaltv.com.ar\/index.php?rest_route=\/wp\/v2\/posts"}],"about":[{"href":"https:\/\/news.digitaltv.com.ar\/index.php?rest_route=\/wp\/v2\/types\/post"}],"author":[{"embeddable":true,"href":"https:\/\/news.digitaltv.com.ar\/index.php?rest_route=\/wp\/v2\/users\/1"}],"replies":[{"embeddable":true,"href":"https:\/\/news.digitaltv.com.ar\/index.php?rest_route=%2Fwp%2Fv2%2Fcomments&post=9392"}],"version-history":[{"count":2,"href":"https:\/\/news.digitaltv.com.ar\/index.php?rest_route=\/wp\/v2\/posts\/9392\/revisions"}],"predecessor-version":[{"id":9395,"href":"https:\/\/news.digitaltv.com.ar\/index.php?rest_route=\/wp\/v2\/posts\/9392\/revisions\/9395"}],"wp:featuredmedia":[{"embeddable":true,"href":"https:\/\/news.digitaltv.com.ar\/index.php?rest_route=\/wp\/v2\/media\/9393"}],"wp:attachment":[{"href":"https:\/\/news.digitaltv.com.ar\/index.php?rest_route=%2Fwp%2Fv2%2Fmedia&parent=9392"}],"wp:term":[{"taxonomy":"category","embeddable":true,"href":"https:\/\/news.digitaltv.com.ar\/index.php?rest_route=%2Fwp%2Fv2%2Fcategories&post=9392"},{"taxonomy":"post_tag","embeddable":true,"href":"https:\/\/news.digitaltv.com.ar\/index.php?rest_route=%2Fwp%2Fv2%2Ftags&post=9392"}],"curies":[{"name":"wp","href":"https:\/\/api.w.org\/{rel}","templated":true}]}}