{"id":942,"date":"2022-03-20T21:01:49","date_gmt":"2022-03-21T00:01:49","guid":{"rendered":"https:\/\/wp.digitaltv.com.ar\/?p=942"},"modified":"2022-03-21T16:52:18","modified_gmt":"2022-03-21T19:52:18","slug":"la-corte-suprema-de-brasil-revirtio-la-suspension-a-telegram-que-habia-criticado-bolsonaro","status":"publish","type":"post","link":"https:\/\/news.digitaltv.com.ar\/?p=942","title":{"rendered":"La corte suprema de Brasil revirti\u00f3 la suspensi\u00f3n a Telegram que hab\u00eda criticado Bolsonaro"},"content":{"rendered":"\n<h2 class=\"wp-block-heading\">El juez del Supremo Tribunal Federal (STF, corte suprema) de Brasil que hab\u00eda ordenado suspender la aplicaci\u00f3n de mensajes Telegram revirti\u00f3 hoy su decisi\u00f3n, despu\u00e9s de que la compa\u00f1\u00eda cumpliera &#8220;integralmente&#8221; todas las determinaciones judiciales que hab\u00edan motivado el bloqueo.<\/h2>\n\n\n\n<p>&#8220;Considerando que se atendieron integralmente&#8221; las \u00f3rdenes del tribunal, &#8220;revoco la decisi\u00f3n (publicada el pasado viernes) de suspender completa e integralmente el funcionamiento de Telegram en Brasil&#8221;, escribi\u00f3 el juez del m\u00e1ximo tribunal Alexandre de Moraes en un documento divulgado por el STF.<\/p>\n\n\n\n<p>La suspensi\u00f3n de esta plataforma clave para la estrategia electoral del presidente Jair Bolsonaro no lleg\u00f3 a ponerse en pr\u00e1ctica, por lo que Telegram continu\u00f3 funcionando normalmente durante el fin de semana, inform\u00f3 la agencia de noticias AFP.<\/p>\n\n\n\n<p>Tras el anuncio de la suspensi\u00f3n, el fundador de Telegram, Pavel Durov, de origen ruso, pidi\u00f3 disculpas a la corte suprema y dijo que los incumplimientos que motivaron el bloqueo se debieron a un &#8220;problema de comunicaci\u00f3n&#8221; por e-mails traspapelados, pidiendo m\u00e1s tiempo para atender las \u00f3rdenes judiciales y evitar el bloqueo.<\/p>\n\n\n\n<p>Ayer, el juez hab\u00eda otorgado 24 horas m\u00e1s para que la empresa cumpliera con todos los pedidos, entre ellos designar un representante legal en Brasil, suspender ciertos perfiles, detallar ante la justicia qu\u00e9 medidas toma para combatir la desinformaci\u00f3n.<\/p>\n\n\n\n<p>Seg\u00fan Moraes, la empresa inform\u00f3 haber adoptado diversas medidas para combatir la desinformaci\u00f3n, entre ellas la vigilancia &#8220;manual&#8221; de los 100 canales m\u00e1s populares de Brasil, la posibilidad de se\u00f1alar publicaciones espec\u00edficas de los canales como imprecisas, la restricci\u00f3n de perfiles que diseminen desinformaci\u00f3n y la promoci\u00f3n de informaciones verificadas.<\/p>\n\n\n\n<p>El juez tambi\u00e9n solicitaba la remoci\u00f3n de una publicaci\u00f3n de Bolsonaro de agosto del a\u00f1o pasado en la que el mandatario cuestionaba, sin pruebas, la confiabilidad del sistema de voto electr\u00f3nico de Brasil, vigente desde 1996.<\/p>\n\n\n\n<p>Ya desde ayer, la publicaci\u00f3n no estaba disponible: &#8220;Este mensaje no puede mostrarse&#8221; porque &#8220;viol\u00f3 las leyes locales&#8221;, dec\u00eda en su lugar.<\/p>\n\n\n\n<p>Bolsonaro, que tiene m\u00e1s de un mill\u00f3n de seguidores y numerosos grupos de apoyo en Telegram, hab\u00eda calificado la suspensi\u00f3n como &#8220;inadmisible&#8221; y dijo que amenazaba &#8220;la libertad&#8221; de los brasile\u00f1os.<\/p>\n\n\n\n<p>El mandatario est\u00e1 concentrando desde hace meses a su militancia en grupos y canales de Telegram, tras ver borradas algunas de sus publicaciones en YouTube, Twitter y Facebook por informaciones falsas.<\/p>\n\n\n\n<p>Telegram, que tiene sede en Dubai, est\u00e1 instalada en el 53% de los celulares brasile\u00f1os y es la plataforma que m\u00e1s crece en el pa\u00eds, seg\u00fan el Tribunal Superior Electoral, inform\u00f3 AFP.<\/p>\n\n\n\n<p>La aplicaci\u00f3n, que ha sido objeto de prohibici\u00f3n o restricciones en varios pa\u00edses como India y Rusia, llevaba tiempo en la mira de las autoridades judiciales brasile\u00f1as, especialmente molestas con el hecho de que la compa\u00f1\u00eda no tuviera representaci\u00f3n legal en Brasil y no respondiera a sus demandas para evitar una avalancha de desinformaci\u00f3n en las pr\u00f3ximas elecciones, como la que sacudi\u00f3 la campa\u00f1a electoral de 2018.<\/p>\n\n\n\n<p>El a\u00f1o pasado, la justicia electoral de Brasil intent\u00f3 reunirse, sin \u00e9xito, con representantes de Telegram para que la compa\u00f1\u00eda colaborara en el combate a la desinformaci\u00f3n de cara a las presidenciales de octubre, como se comprometieron Twitter, TikTok, Facebook, WhatsApp, Google, Instagram, YouTube y Kwai.<\/p>\n\n\n\n<p>Al rev\u00e9s de otras aplicaciones, Telegram permite grupos de hasta 200.000 personas, canales sin l\u00edmite de usuarios y una escasa moderaci\u00f3n de contenidos, con lo que el potencial para que alguno se torne viral es infinito.<\/p>\n\n\n\n<p>Adem\u00e1s, tiene chats secretos y los mensajes se pueden autodestruir.<\/p>\n","protected":false},"excerpt":{"rendered":"<p>El juez del Supremo Tribunal Federal (STF, corte suprema) de Brasil que hab\u00eda ordenado suspender la aplicaci\u00f3n de mensajes Telegram revirti\u00f3 hoy su decisi\u00f3n, despu\u00e9s de que la compa\u00f1\u00eda cumpliera &#8220;integralmente&#8221; todas las determinaciones judiciales que hab\u00edan motivado el bloqueo. &#8220;Considerando que se atendieron integralmente&#8221; las \u00f3rdenes del tribunal, &#8220;revoco la decisi\u00f3n (publicada el pasado [&hellip;]<\/p>\n","protected":false},"author":8,"featured_media":943,"comment_status":"open","ping_status":"open","sticky":false,"template":"","format":"standard","meta":{"_monsterinsights_skip_tracking":false,"_monsterinsights_sitenote_active":false,"_monsterinsights_sitenote_note":"","_monsterinsights_sitenote_category":0,"footnotes":""},"categories":[150],"tags":[160],"class_list":["post-942","post","type-post","status-publish","format-standard","has-post-thumbnail","hentry","category-actualidad","tag-160"],"_links":{"self":[{"href":"https:\/\/news.digitaltv.com.ar\/index.php?rest_route=\/wp\/v2\/posts\/942","targetHints":{"allow":["GET"]}}],"collection":[{"href":"https:\/\/news.digitaltv.com.ar\/index.php?rest_route=\/wp\/v2\/posts"}],"about":[{"href":"https:\/\/news.digitaltv.com.ar\/index.php?rest_route=\/wp\/v2\/types\/post"}],"author":[{"embeddable":true,"href":"https:\/\/news.digitaltv.com.ar\/index.php?rest_route=\/wp\/v2\/users\/8"}],"replies":[{"embeddable":true,"href":"https:\/\/news.digitaltv.com.ar\/index.php?rest_route=%2Fwp%2Fv2%2Fcomments&post=942"}],"version-history":[{"count":2,"href":"https:\/\/news.digitaltv.com.ar\/index.php?rest_route=\/wp\/v2\/posts\/942\/revisions"}],"predecessor-version":[{"id":962,"href":"https:\/\/news.digitaltv.com.ar\/index.php?rest_route=\/wp\/v2\/posts\/942\/revisions\/962"}],"wp:featuredmedia":[{"embeddable":true,"href":"https:\/\/news.digitaltv.com.ar\/index.php?rest_route=\/wp\/v2\/media\/943"}],"wp:attachment":[{"href":"https:\/\/news.digitaltv.com.ar\/index.php?rest_route=%2Fwp%2Fv2%2Fmedia&parent=942"}],"wp:term":[{"taxonomy":"category","embeddable":true,"href":"https:\/\/news.digitaltv.com.ar\/index.php?rest_route=%2Fwp%2Fv2%2Fcategories&post=942"},{"taxonomy":"post_tag","embeddable":true,"href":"https:\/\/news.digitaltv.com.ar\/index.php?rest_route=%2Fwp%2Fv2%2Ftags&post=942"}],"curies":[{"name":"wp","href":"https:\/\/api.w.org\/{rel}","templated":true}]}}