{"id":9555,"date":"2023-07-07T11:58:15","date_gmt":"2023-07-07T14:58:15","guid":{"rendered":"https:\/\/news.digitaltv.com.ar\/?p=9555"},"modified":"2023-07-10T10:55:58","modified_gmt":"2023-07-10T13:55:58","slug":"juan-schiaretti-lanzo-su-candidatura-presidencial-rechazamos-la-maldita-grieta-y-queremos-un-pais-normal","status":"publish","type":"post","link":"https:\/\/news.digitaltv.com.ar\/?p=9555","title":{"rendered":"JUAN SCHIARETTI LANZ\u00d3 SU CANDIDATURA PRESIDENCIAL: &#8220;RECHAZAMOS LA MALDITA GRIETA Y QUEREMOS UN PA\u00cdS NORMAL&#8221;"},"content":{"rendered":"\n<p>De cara a las PASO, el gobernador de C\u00f3rdoba y el diputado Florencio Randazzo presentaron la f\u00f3rmula de Hacemos por Nuestro Pa\u00eds en un hotel porte\u00f1o en la tarde de este jueves<\/p>\n\n\n\n<p>El gobernador cordob\u00e9s y precandidato presidencial de Hacemos por Nuestro Pa\u00eds, <strong>Juan Schiaretti<\/strong>, lanz\u00f3 esta tarde su campa\u00f1a electoral en un hotel del centro porte\u00f1o y lo hizo junto a su compa\u00f1ero de f\u00f3rmula, el diputado <strong>Florencio Randazzo<\/strong> con el slogan \u201cLevantemos Argentina\u201d. <strong>\u201cRechazamos la maldita grieta y queremos un pa\u00eds normal\u201d<\/strong>, se\u00f1al\u00f3.<\/p>\n\n\n\n<p>\u201cEs para Florencio (Randazzo) y para m\u00ed una gran alegr\u00eda estar en contacto con ustedes, una gran alegr\u00eda por lo que representa nuestro espacio. Porque nosotros somos la expresi\u00f3n de la producci\u00f3n y el trabajo. Somos la expresi\u00f3n de el interior productivo de Argentina\u201d, indic\u00f3 Schiaretti en el inicio de su discurso. Luego, sigui\u00f3: \u201cSomos la expresi\u00f3n del federalismo de nuestra Argentina y somos tambi\u00e9n la expresi\u00f3n de aquellos que rechazamos la maldita grieta y que queremos un pa\u00eds normal\u201d.<\/p>\n\n\n\n<p>\u201cEs para Florencio (Randazzo) y para m\u00ed una gran alegr\u00eda estar en contacto con ustedes, una gran alegr\u00eda por lo que representa nuestro espacio. Porque nosotros somos la expresi\u00f3n de la producci\u00f3n y el trabajo. Somos la expresi\u00f3n de el interior productivo de Argentina\u201d, indic\u00f3 Schiaretti en el inicio de su discurso. Luego, sigui\u00f3: \u201cSomos la expresi\u00f3n del federalismo de nuestra Argentina y somos tambi\u00e9n la expresi\u00f3n de aquellos que rechazamos la maldita grieta y que queremos un pa\u00eds normal\u201d.<\/p>\n\n\n\n<p>\u201cQueremos el<strong> final de la grieta<\/strong>, que haya un gobierno de unidad nacional para que Argentina alcance los consensos que pongan al pa\u00eds de pie y lo levanten, para que se nos permita progresar como lo merece nuestro pueblo\u201d, reflexion\u00f3 sobre el final de su discurso Schiaretti.<\/p>\n\n\n\n<p>Al brindar detalles sobre su <strong>modelo de gesti\u00f3n<\/strong>, el mandatario provincial precis\u00f3: \u201cHace a\u00f1os pusimos en marcha otro modelo de gesti\u00f3n en <strong>C\u00f3rdoba<\/strong>\u201d. \u201cNosotros cultivamos la pluralidad de ideas, jam\u00e1s perseguimos a nadie. La sociedad progresa cuando se puede pensar distinto\u201d, aclar\u00f3.<\/p>\n","protected":false},"excerpt":{"rendered":"<p>De cara a las PASO, el gobernador de C\u00f3rdoba y el diputado Florencio Randazzo presentaron la f\u00f3rmula de Hacemos por Nuestro Pa\u00eds en un hotel porte\u00f1o en la tarde de este jueves El gobernador cordob\u00e9s y precandidato presidencial de Hacemos por Nuestro Pa\u00eds, Juan Schiaretti, lanz\u00f3 esta tarde su campa\u00f1a electoral en un hotel del [&hellip;]<\/p>\n","protected":false},"author":1,"featured_media":9556,"comment_status":"open","ping_status":"open","sticky":false,"template":"","format":"standard","meta":{"_monsterinsights_skip_tracking":false,"_monsterinsights_sitenote_active":false,"_monsterinsights_sitenote_note":"","_monsterinsights_sitenote_category":0,"footnotes":""},"categories":[152],"tags":[160],"class_list":["post-9555","post","type-post","status-publish","format-standard","has-post-thumbnail","hentry","category-pergamino","tag-160"],"_links":{"self":[{"href":"https:\/\/news.digitaltv.com.ar\/index.php?rest_route=\/wp\/v2\/posts\/9555","targetHints":{"allow":["GET"]}}],"collection":[{"href":"https:\/\/news.digitaltv.com.ar\/index.php?rest_route=\/wp\/v2\/posts"}],"about":[{"href":"https:\/\/news.digitaltv.com.ar\/index.php?rest_route=\/wp\/v2\/types\/post"}],"author":[{"embeddable":true,"href":"https:\/\/news.digitaltv.com.ar\/index.php?rest_route=\/wp\/v2\/users\/1"}],"replies":[{"embeddable":true,"href":"https:\/\/news.digitaltv.com.ar\/index.php?rest_route=%2Fwp%2Fv2%2Fcomments&post=9555"}],"version-history":[{"count":1,"href":"https:\/\/news.digitaltv.com.ar\/index.php?rest_route=\/wp\/v2\/posts\/9555\/revisions"}],"predecessor-version":[{"id":9557,"href":"https:\/\/news.digitaltv.com.ar\/index.php?rest_route=\/wp\/v2\/posts\/9555\/revisions\/9557"}],"wp:featuredmedia":[{"embeddable":true,"href":"https:\/\/news.digitaltv.com.ar\/index.php?rest_route=\/wp\/v2\/media\/9556"}],"wp:attachment":[{"href":"https:\/\/news.digitaltv.com.ar\/index.php?rest_route=%2Fwp%2Fv2%2Fmedia&parent=9555"}],"wp:term":[{"taxonomy":"category","embeddable":true,"href":"https:\/\/news.digitaltv.com.ar\/index.php?rest_route=%2Fwp%2Fv2%2Fcategories&post=9555"},{"taxonomy":"post_tag","embeddable":true,"href":"https:\/\/news.digitaltv.com.ar\/index.php?rest_route=%2Fwp%2Fv2%2Ftags&post=9555"}],"curies":[{"name":"wp","href":"https:\/\/api.w.org\/{rel}","templated":true}]}}