{"id":963,"date":"2022-03-21T20:00:07","date_gmt":"2022-03-21T23:00:07","guid":{"rendered":"https:\/\/wp.digitaltv.com.ar\/?p=963"},"modified":"2022-03-22T08:15:40","modified_gmt":"2022-03-22T11:15:40","slug":"cafiero-recibio-a-la-mision-de-cascos-blancos-que-regreso-a-argentina","status":"publish","type":"post","link":"https:\/\/news.digitaltv.com.ar\/?p=963","title":{"rendered":"Cafiero recibi\u00f3 a la misi\u00f3n de Cascos Blancos que regres\u00f3 a Argentina"},"content":{"rendered":"\n<h2 class=\"wp-block-heading\">El canciller Santiago Cafiero recibi\u00f3 hoy a la misi\u00f3n de Cascos Blancos que regres\u00f3 a la Argentina tras haber concluido la primera etapa de la tarea realizada en las fronteras ucranianas con Polonia y Rumania, que durante este mes brind\u00f3 asistencia humanitaria para garantizar la salida de Ucrania de ciudadanos argentinos y latinoamericanos.<\/h2>\n\n\n\n<p>El grupo de voluntarios de la Comisi\u00f3n de Cascos Blancos estuvo conformado por Ver\u00f3nica Ayala, Mariana Lorenz, Guadalupe Guzm\u00e1n, Carolina Tedesco, Esteban Chal\u00e1 y Luciano Timerman.<\/p>\n\n\n\n<p>Cafiero &#8220;les agradeci\u00f3 la fundamental tarea de asistencia a los connacionales&#8221; y al mismo tiempo &#8220;envi\u00f3 su agradecimiento a la representante consular, Alicia Falkowski, y a Santiago Galar, director de Operaciones y Log\u00edstica de la Comisi\u00f3n&#8221;, inform\u00f3 la Canciller\u00eda.<\/p>\n\n\n\n<p>Adem\u00e1s, el ministro de Relaciones Exteriores destac\u00f3 que &#8220;Argentina es un pueblo humanista y solidario, y el trabajo que llev\u00f3 adelante Cascos Blancos, en un contexto complejo, demuestra una vez m\u00e1s que la asistencia entre los pueblos y la apuesta por la paz, gu\u00edan nuestras acciones internacionales&#8221;.<\/p>\n\n\n\n<p>La Canciller\u00eda record\u00f3 que el 3 de marzo &#8220;el despliegue de la misi\u00f3n de Cascos Blancos -que preside Sabina Frederic- ordenado&#8221; por Cafiero &#8220;parti\u00f3 a Varsovia en el marco de un trabajo articulado entre las canciller\u00edas de varios pa\u00edses latinoamericanos&#8221;.<\/p>\n\n\n\n<p>Fue con el objetivo de &#8220;definir e impulsar junto al Mercosur y la CELAC (donde ejerce la Presidencia Pro Tempore) la Red Ampliada de Consulados de Am\u00e9rica Latina y el Caribe, conformada por las representaciones diplom\u00e1ticas y consulares de los pa\u00edses en la regi\u00f3n, ampliando las acciones tendientes a procurar una salida m\u00e1s segura y ordenada de los ciudadanos y ciudadanas latinoamericanos y caribe\u00f1os de la zona afectada, a trav\u00e9s de mecanismos de cooperaci\u00f3n consular&#8221;.<\/p>\n\n\n\n<p>La misi\u00f3n &#8220;conformada por 6 integrantes con experiencia en ayuda humanitaria, junto con dos diplom\u00e1ticos, instalaron y atendieron un consulado m\u00f3vil en la frontera con Polonia, que trabaj\u00f3 a tiempo completo para brindar asistencia y garantizar la salida de los argentinos, as\u00ed como de los nacionales de los dem\u00e1s pa\u00edses que conforman la Comunidad de Estados Latinoamericanos y Caribe\u00f1os (CELAC) que salieron durante las \u00faltimas semanas de territorio ucraniano&#8221;, se explic\u00f3.<\/p>\n\n\n\n<p>Esteban Chal\u00e1, coordinador del grupo que estuvo en la frontera, destac\u00f3 el car\u00e1cter &#8220;multidisciplinario&#8221; de la misi\u00f3n y haber sido &#8220;el \u00fanico equipo de asistentes humanitarios de un pa\u00eds asistiendo en la zona, con todas las capacidades para atender la emergencia y contener a los ciudadanos, siendo un equipo de voluntariado del Estado argentino&#8221;, a\u00f1adi\u00f3 el Ministerio.<\/p>\n\n\n\n<p>Destac\u00f3 que &#8220;el balance del despliegue realizado en Polonia y en Rumania muestra que la misi\u00f3n, as\u00ed como las Embajadas en ambos pa\u00edses y en Ucrania, asistieron a todas las personas que solicitaron contenci\u00f3n, hospedaje, acompa\u00f1amiento psicol\u00f3gico, alimentaci\u00f3n, as\u00ed como a otras necesidades que se fueron resolviendo gracias al trabajo de las y los diplom\u00e1ticos que acompa\u00f1aron a las y los voluntarios de Cascos Blancos durante todos los d\u00edas de la misi\u00f3n&#8221;.<\/p>\n\n\n\n<p>&#8220;Seg\u00fan el diagn\u00f3stico realizado en las zonas cubiertas por el voluntariado, se estableci\u00f3 contacto con todos los ciudadanos que pidieron salir de Ucrania, as\u00ed como con quienes decidieron permanecer all\u00ed. Se traslad\u00f3 a las personas desde las fronteras hasta zonas seguras y se acord\u00f3 con ellas los pasos a seguir una vez que decidieran qu\u00e9 deseaban hacer en su futuro inmediato&#8221;, explic\u00f3.<\/p>\n\n\n\n<p>La Canciller\u00eda record\u00f3 que &#8220;el 12 de marzo pasado hab\u00eda arribado a nuestro pa\u00eds el primer contingente de cinco argentinas y argentinos que, tras salir de Ucrania hacia Polonia junto con sus familias, y luego de ser asistidos por el voluntariado civil del Estado, decidieron regresar a la Argentina. Uno de los ciudadanos que arrib\u00f3, de nacionalidad ucraniana, obtuvo el visado humanitario de la Canciller\u00eda argentina a trav\u00e9s de la Secci\u00f3n Consular de la Embajada en Brasilia&#8221;.<\/p>\n","protected":false},"excerpt":{"rendered":"<p>El canciller Santiago Cafiero recibi\u00f3 hoy a la misi\u00f3n de Cascos Blancos que regres\u00f3 a la Argentina tras haber concluido la primera etapa de la tarea realizada en las fronteras ucranianas con Polonia y Rumania, que durante este mes brind\u00f3 asistencia humanitaria para garantizar la salida de Ucrania de ciudadanos argentinos y latinoamericanos. El grupo [&hellip;]<\/p>\n","protected":false},"author":8,"featured_media":966,"comment_status":"open","ping_status":"open","sticky":false,"template":"","format":"standard","meta":{"_monsterinsights_skip_tracking":false,"_monsterinsights_sitenote_active":false,"_monsterinsights_sitenote_note":"","_monsterinsights_sitenote_category":0,"footnotes":""},"categories":[150,6],"tags":[160],"class_list":["post-963","post","type-post","status-publish","format-standard","has-post-thumbnail","hentry","category-actualidad","category-politica","tag-160"],"_links":{"self":[{"href":"https:\/\/news.digitaltv.com.ar\/index.php?rest_route=\/wp\/v2\/posts\/963","targetHints":{"allow":["GET"]}}],"collection":[{"href":"https:\/\/news.digitaltv.com.ar\/index.php?rest_route=\/wp\/v2\/posts"}],"about":[{"href":"https:\/\/news.digitaltv.com.ar\/index.php?rest_route=\/wp\/v2\/types\/post"}],"author":[{"embeddable":true,"href":"https:\/\/news.digitaltv.com.ar\/index.php?rest_route=\/wp\/v2\/users\/8"}],"replies":[{"embeddable":true,"href":"https:\/\/news.digitaltv.com.ar\/index.php?rest_route=%2Fwp%2Fv2%2Fcomments&post=963"}],"version-history":[{"count":2,"href":"https:\/\/news.digitaltv.com.ar\/index.php?rest_route=\/wp\/v2\/posts\/963\/revisions"}],"predecessor-version":[{"id":967,"href":"https:\/\/news.digitaltv.com.ar\/index.php?rest_route=\/wp\/v2\/posts\/963\/revisions\/967"}],"wp:featuredmedia":[{"embeddable":true,"href":"https:\/\/news.digitaltv.com.ar\/index.php?rest_route=\/wp\/v2\/media\/966"}],"wp:attachment":[{"href":"https:\/\/news.digitaltv.com.ar\/index.php?rest_route=%2Fwp%2Fv2%2Fmedia&parent=963"}],"wp:term":[{"taxonomy":"category","embeddable":true,"href":"https:\/\/news.digitaltv.com.ar\/index.php?rest_route=%2Fwp%2Fv2%2Fcategories&post=963"},{"taxonomy":"post_tag","embeddable":true,"href":"https:\/\/news.digitaltv.com.ar\/index.php?rest_route=%2Fwp%2Fv2%2Ftags&post=963"}],"curies":[{"name":"wp","href":"https:\/\/api.w.org\/{rel}","templated":true}]}}