{"id":968,"date":"2022-03-21T20:14:19","date_gmt":"2022-03-21T23:14:19","guid":{"rendered":"https:\/\/wp.digitaltv.com.ar\/?p=968"},"modified":"2022-03-22T08:14:32","modified_gmt":"2022-03-22T11:14:32","slug":"el-senado-de-eeuu-inicio-un-historico-proceso-para-confirmar-a-la-primera-mujer-negra-en-la-corte-suprema","status":"publish","type":"post","link":"https:\/\/news.digitaltv.com.ar\/?p=968","title":{"rendered":"El Senado de EEUU inici\u00f3 un hist\u00f3rico proceso para confirmar a la primera mujer negra en la Corte Suprema"},"content":{"rendered":"\n<h2 class=\"wp-block-heading\">El Senado de Estados Unidos comenz\u00f3 hoy a abordar la hist\u00f3rica postulaci\u00f3n a la Corte Suprema de la jueza Ketanji Brown Jackson, la primera magistrada negra propuesta para integrar el tribunal, en un proceso que contempla cuatro d\u00edas de audiencias y en el que declar\u00f3 que, de ser confirmada, defender\u00eda &#8220;la gran experiencia democr\u00e1tica estadounidense&#8221;.<\/h2>\n\n\n\n<p>&#8220;Les pido a los miembros de este comit\u00e9 que, al comenzar este hist\u00f3rico proceso de confirmaci\u00f3n, consideren c\u00f3mo la historia juzgar\u00e1 a cada senador&#8221;, expres\u00f3 el presidente del Comit\u00e9 Judicial del Senado, Dick Durbin, durante la apertura, inform\u00f3 la agencia de noticias AFP.<\/p>\n\n\n\n<p>Durante cuatro d\u00edas el comit\u00e9 realizar\u00e1 audiencias de confirmaci\u00f3n para esta jurista de 51 a\u00f1os, nominada por el presidente Joe Biden, quien justo antes del inicio destac\u00f3 en un tuit su mente &#8220;brillante&#8221; y su &#8220;gran car\u00e1cter e integridad&#8221;.<\/p>\n\n\n\n<p>&#8220;Ella merece ser confirmada como la pr\u00f3xima jueza de la Corte Suprema&#8221;, asegur\u00f3 el mandatario.<\/p>\n\n\n\n<p>En los \u00faltimos a\u00f1os, estas audiencias del Senado para los postulados a la Corte Suprema se convirtieron en un campo de batalla partidista, entre republicanos y dem\u00f3cratas.<\/p>\n\n\n\n<p>Jackson de 51 a\u00f1os reemplazar\u00eda a otro juez liberal, Stephen Breyer, quien se retira a sus 83 a\u00f1os.<\/p>\n\n\n\n<p>Ante el comit\u00e9 judicial del Senado encargado de examinar su candidatura, la jueza ratific\u00f3 en que es &#8220;independiente&#8221; y &#8220;neutral&#8221;.<\/p>\n\n\n\n<p>Adem\u00e1s rindi\u00f3 homenaje a todos los que la ayudaron a llegar a este nivel, empezando por sus padres: &#8220;Despu\u00e9s de haber vivido personalmente la segregaci\u00f3n racial me ense\u00f1aron que, a diferencia de ellos, que tuvieron que enfrentar muchos obst\u00e1culos, si trabajaba duro, en Estados Unidos, podr\u00eda convertirme en quien quisiera ser&#8221;, dijo.<\/p>\n\n\n\n<p>Tambi\u00e9n elogi\u00f3 la &#8220;integridad, el civismo y la gracia&#8221; de Breyer, de quien fue asistenta tras graduarse en Harvard. Para \u00e9l el derecho tiene como objetivo &#8220;hacer que personas muy diferentes convivan&#8221;, record\u00f3, y a\u00f1adi\u00f3 que si le dan luz verde ella seguir\u00e1 sus pasos.<\/p>\n\n\n\n<p>La magistrada habl\u00f3 despu\u00e9s de los 22 senadores de la comisi\u00f3n.<\/p>\n\n\n\n<p>De los 115 jueces que han trabajado en la Corte Suprema, solo ha habido dos hombres negros y cinco mujeres, ninguna de ellas afroestadounidense, recordaron varios de ellos.<\/p>\n\n\n\n<p>De acuerdo con Larry Sabato, director del Centro de Pol\u00edtica de la Universidad de Virginia, su confirmaci\u00f3n no cambiar\u00e1 el equilibrio de fuerzas de la corte, dominada por una mayor\u00eda conservadora de 6-3. &#8220;Solo eso disminuye los riesgos y deber\u00eda contribuir a una confirmaci\u00f3n m\u00e1s f\u00e1cil&#8221;, dijo.<\/p>\n\n\n\n<p>Los dem\u00f3cratas, con una ligera ventaja, tienen los votos para confirmar a Jackson, una jurista graduada por la prestigiosa Universidad de Harvard, quien ejerci\u00f3 de abogada de oficio federal para clientes indigentes.<\/p>\n\n\n\n<p>El Senado, conformado por 100 miembros, est\u00e1 dividido en un 50-50 entre dem\u00f3cratas y republicanos. La vicepresidenta dem\u00f3crata Kamala Harris tiene el voto de quiebre.<\/p>\n\n\n\n<figure class=\"wp-block-image size-full\"><img loading=\"lazy\" decoding=\"async\" width=\"570\" height=\"321\" src=\"https:\/\/wp.digitaltv.com.ar\/wp-content\/uploads\/2022\/03\/postulacion-1.jpg\" alt=\"\" class=\"wp-image-971\" srcset=\"https:\/\/news.digitaltv.com.ar\/wp-content\/uploads\/2022\/03\/postulacion-1.jpg 570w, https:\/\/news.digitaltv.com.ar\/wp-content\/uploads\/2022\/03\/postulacion-1-300x169.jpg 300w\" sizes=\"auto, (max-width: 570px) 100vw, 570px\" \/><\/figure>\n\n\n\n<p>&#8220;Inevitablemente, unos cuantos senadores republicanos atacar\u00e1n a Jackson&#8221; pero sus credenciales parecen abrirle el paso pese a las querellas partidistas, consider\u00f3 Sabato.<\/p>\n\n\n\n<p>Si bien varios senadores republicanos moderados votaron hace un a\u00f1o para confirmar su postulaci\u00f3n para la Corte de Apelaciones, otros criticaron a Biden por haber elegido a una mujer negra para la corte.<\/p>\n\n\n\n<p>&#8220;Las mujeres negras son, \u00bfqu\u00e9, seis por ciento de la poblaci\u00f3n de Estados Unidos?&#8221;, dijo el senador Ted Cruz. &#8220;Le est\u00e1 diciendo al 94 por ciento de los estadounidenses &#8216;no me interesan'&#8221;, agreg\u00f3.<\/p>\n\n\n\n<p>Jackson, sin embargo, tiene impecables credenciales, en un hecho completamente inusual, la jueza trabaj\u00f3 como abogada de oficio y, como tal, represent\u00f3 a acusados pobres. Tambi\u00e9n form\u00f3 parte de una comisi\u00f3n encargada de hacer recomendaciones sobre sentencias federales.<\/p>\n\n\n\n<p>Por lo que otra senadora republicana, Susan Collins de Maine, advirti\u00f3 a sus colegas que se anduvieran con cuidado.<\/p>\n\n\n\n<p>&#8220;Dado que los dem\u00f3cratas, lamentablemente, han tenido cierto \u00e9xito tratando de pintar a los republicanos como antinegros, puede hacer m\u00e1s dif\u00edcil rechazar a una jurista negra&#8221;, consider\u00f3 Collins.<\/p>\n\n\n\n<p>Si se confirma su postulaci\u00f3n, Jackson ser\u00e1 la tercera afroestadounidense en la Corte Suprema, pero la primera mujer.<\/p>\n\n\n\n<p>Thurgood Marshall integr\u00f3 la corte entre 1967 y 1991 y fue sucedido por Clarence Thomas, de 73 a\u00f1os, quien permanece en el puesto, aunque actualmente est\u00e1 hospitalizado por una infecci\u00f3n.<\/p>\n","protected":false},"excerpt":{"rendered":"<p>El Senado de Estados Unidos comenz\u00f3 hoy a abordar la hist\u00f3rica postulaci\u00f3n a la Corte Suprema de la jueza Ketanji Brown Jackson, la primera magistrada negra propuesta para integrar el tribunal, en un proceso que contempla cuatro d\u00edas de audiencias y en el que declar\u00f3 que, de ser confirmada, defender\u00eda &#8220;la gran experiencia democr\u00e1tica estadounidense&#8221;. [&hellip;]<\/p>\n","protected":false},"author":8,"featured_media":972,"comment_status":"open","ping_status":"open","sticky":false,"template":"","format":"standard","meta":{"_monsterinsights_skip_tracking":false,"_monsterinsights_sitenote_active":false,"_monsterinsights_sitenote_note":"","_monsterinsights_sitenote_category":0,"footnotes":""},"categories":[150],"tags":[160],"class_list":["post-968","post","type-post","status-publish","format-standard","has-post-thumbnail","hentry","category-actualidad","tag-160"],"_links":{"self":[{"href":"https:\/\/news.digitaltv.com.ar\/index.php?rest_route=\/wp\/v2\/posts\/968","targetHints":{"allow":["GET"]}}],"collection":[{"href":"https:\/\/news.digitaltv.com.ar\/index.php?rest_route=\/wp\/v2\/posts"}],"about":[{"href":"https:\/\/news.digitaltv.com.ar\/index.php?rest_route=\/wp\/v2\/types\/post"}],"author":[{"embeddable":true,"href":"https:\/\/news.digitaltv.com.ar\/index.php?rest_route=\/wp\/v2\/users\/8"}],"replies":[{"embeddable":true,"href":"https:\/\/news.digitaltv.com.ar\/index.php?rest_route=%2Fwp%2Fv2%2Fcomments&post=968"}],"version-history":[{"count":3,"href":"https:\/\/news.digitaltv.com.ar\/index.php?rest_route=\/wp\/v2\/posts\/968\/revisions"}],"predecessor-version":[{"id":978,"href":"https:\/\/news.digitaltv.com.ar\/index.php?rest_route=\/wp\/v2\/posts\/968\/revisions\/978"}],"wp:featuredmedia":[{"embeddable":true,"href":"https:\/\/news.digitaltv.com.ar\/index.php?rest_route=\/wp\/v2\/media\/972"}],"wp:attachment":[{"href":"https:\/\/news.digitaltv.com.ar\/index.php?rest_route=%2Fwp%2Fv2%2Fmedia&parent=968"}],"wp:term":[{"taxonomy":"category","embeddable":true,"href":"https:\/\/news.digitaltv.com.ar\/index.php?rest_route=%2Fwp%2Fv2%2Fcategories&post=968"},{"taxonomy":"post_tag","embeddable":true,"href":"https:\/\/news.digitaltv.com.ar\/index.php?rest_route=%2Fwp%2Fv2%2Ftags&post=968"}],"curies":[{"name":"wp","href":"https:\/\/api.w.org\/{rel}","templated":true}]}}