{"id":982,"date":"2022-03-21T20:23:55","date_gmt":"2022-03-21T23:23:55","guid":{"rendered":"https:\/\/wp.digitaltv.com.ar\/?p=982"},"modified":"2022-03-22T08:14:53","modified_gmt":"2022-03-22T11:14:53","slug":"el-barbijo-sera-obligatorio-en-cordoba-al-menos-hasta-que-finalice-el-invierno","status":"publish","type":"post","link":"https:\/\/news.digitaltv.com.ar\/?p=982","title":{"rendered":"El barbijo ser\u00e1 obligatorio en C\u00f3rdoba al menos hasta que finalice el invierno"},"content":{"rendered":"\n<p>El ministro de Salud de C\u00f3rdoba, Diego Cardozo, asegur\u00f3 hoy que el uso del barbijo ser\u00e1 obligatorio en la provincia &#8220;al menos hasta que finalice el invierno&#8221;.<\/p>\n\n\n\n<p>A pesar de la baja en la cantidad de contagios de coronavirus e internaciones por la enfermedad, el funcionario cordob\u00e9s teme que puede haber rebrotes, y que el periodo m\u00e1s fr\u00edo del a\u00f1o es \u201cla etapa m\u00e1s cruda de la circulaci\u00f3n de virus respiratorios\u201d.<\/p>\n\n\n\n<p>En ese sentido, en declaraciones que brind\u00f3 a medios locales, Cardozo argument\u00f3: \u201cNo solo nos tenemos que centrar en el coronavirus, hay muchos otros virus respiratorios que est\u00e1n circulando y el barbijo es una barrera mec\u00e1nica que evita los contagios. Sobre todo ahora que, con la llegada de las bajas temperaturas es cuando hay m\u00e1s actividad en ambientes cerrados\u201d.<\/p>\n\n\n\n<p>El ministro de Salud de C\u00f3rdoba hizo esta aclaraci\u00f3n ante las consultas sobre si dejar\u00e1 de exigir el barbijo en las escuelas, lo cual qued\u00f3 descartado por el momento.<\/p>\n\n\n\n<p>Cardozo elogi\u00f3 la eficacia de las vacunas contra el coronavirus, y sobre los alumnos en edad escolar, destac\u00f3: \u201cEl esquema que estamos aplicando hoy en C\u00f3rdoba, para ni\u00f1os de entre 3 y 11 a\u00f1os, es de s\u00f3lo dos dosis. Ya tenemos el 65% de la poblaci\u00f3n hasta los 11 a\u00f1os, unos 565.000 chicos y un 87% tiene una sola dosis, es decir que a\u00fan nos falta un porcentaje hasta llegar como m\u00ednimo al 80% con esquema completo\u201d.<\/p>\n","protected":false},"excerpt":{"rendered":"<p>El ministro de Salud de C\u00f3rdoba, Diego Cardozo, asegur\u00f3 hoy que el uso del barbijo ser\u00e1 obligatorio en la provincia &#8220;al menos hasta que finalice el invierno&#8221;. A pesar de la baja en la cantidad de contagios de coronavirus e internaciones por la enfermedad, el funcionario cordob\u00e9s teme que puede haber rebrotes, y que el [&hellip;]<\/p>\n","protected":false},"author":8,"featured_media":983,"comment_status":"open","ping_status":"open","sticky":false,"template":"","format":"standard","meta":{"_monsterinsights_skip_tracking":false,"_monsterinsights_sitenote_active":false,"_monsterinsights_sitenote_note":"","_monsterinsights_sitenote_category":0,"footnotes":""},"categories":[151],"tags":[160],"class_list":["post-982","post","type-post","status-publish","format-standard","has-post-thumbnail","hentry","category-salud","tag-160"],"_links":{"self":[{"href":"https:\/\/news.digitaltv.com.ar\/index.php?rest_route=\/wp\/v2\/posts\/982","targetHints":{"allow":["GET"]}}],"collection":[{"href":"https:\/\/news.digitaltv.com.ar\/index.php?rest_route=\/wp\/v2\/posts"}],"about":[{"href":"https:\/\/news.digitaltv.com.ar\/index.php?rest_route=\/wp\/v2\/types\/post"}],"author":[{"embeddable":true,"href":"https:\/\/news.digitaltv.com.ar\/index.php?rest_route=\/wp\/v2\/users\/8"}],"replies":[{"embeddable":true,"href":"https:\/\/news.digitaltv.com.ar\/index.php?rest_route=%2Fwp%2Fv2%2Fcomments&post=982"}],"version-history":[{"count":1,"href":"https:\/\/news.digitaltv.com.ar\/index.php?rest_route=\/wp\/v2\/posts\/982\/revisions"}],"predecessor-version":[{"id":984,"href":"https:\/\/news.digitaltv.com.ar\/index.php?rest_route=\/wp\/v2\/posts\/982\/revisions\/984"}],"wp:featuredmedia":[{"embeddable":true,"href":"https:\/\/news.digitaltv.com.ar\/index.php?rest_route=\/wp\/v2\/media\/983"}],"wp:attachment":[{"href":"https:\/\/news.digitaltv.com.ar\/index.php?rest_route=%2Fwp%2Fv2%2Fmedia&parent=982"}],"wp:term":[{"taxonomy":"category","embeddable":true,"href":"https:\/\/news.digitaltv.com.ar\/index.php?rest_route=%2Fwp%2Fv2%2Fcategories&post=982"},{"taxonomy":"post_tag","embeddable":true,"href":"https:\/\/news.digitaltv.com.ar\/index.php?rest_route=%2Fwp%2Fv2%2Ftags&post=982"}],"curies":[{"name":"wp","href":"https:\/\/api.w.org\/{rel}","templated":true}]}}