{"id":989,"date":"2022-03-21T20:33:14","date_gmt":"2022-03-21T23:33:14","guid":{"rendered":"https:\/\/wp.digitaltv.com.ar\/?p=989"},"modified":"2022-03-22T08:14:09","modified_gmt":"2022-03-22T11:14:09","slug":"de-pedro-participara-de-la-presentacion-del-libro-el-hijo-del-poeta-de-jorge-areta","status":"publish","type":"post","link":"https:\/\/news.digitaltv.com.ar\/?p=989","title":{"rendered":"De Pedro participar\u00e1 de la presentaci\u00f3n del libro &#8220;El Hijo del Poeta&#8221; de Jorge Areta"},"content":{"rendered":"\n<h2 class=\"wp-block-heading\">El ministro del Interior, Eduardo &#8220;Wado&#8221; de Pedro, presentar\u00e1 este mi\u00e9rcoles en la Biblioteca Nacional el libro &#8220;El hijo del poeta&#8221;, escrito por Jorge Areta, hijo del poeta Joaqu\u00edn Enrique Areta, detenido desaparecido durante la \u00faltima dictadura c\u00edvico militar.<\/h2>\n\n\n\n<p>El libro ser\u00e1 presentado en conjunto por De Pedro y el propio autor, en el marco de los 46 a\u00f1os del golpe de Estado del 24 de marzo de 1976.<\/p>\n\n\n\n<p>&#8220;&#8216;El hijo del poeta&#8217; es parte de la historia argentina, en la que una generaci\u00f3n ausente comienza a perpetuarse en otras dos generaciones siguientes, ya no como recuerdo y memoria, sino como legado vivo y la posibilidad de escribir la historia del futuro&#8221;, se\u00f1alaron desde el ministerio del Interior a trav\u00e9s de un comunicado.<\/p>\n\n\n\n<p>El libro de Areta contiene &#8220;poes\u00edas profundas&#8221; que proponen &#8220;disparar palabras al tiempo&#8221;, con el prop\u00f3sito &#8220;de iluminar procesos personales e introspectivos&#8221;, agregaron.<\/p>\n\n\n\n<p>El padre de Jorge Areta, Joaqu\u00edn, naci\u00f3 en 1955, estudi\u00f3 medicina, milit\u00f3 tanto en la Uni\u00f3n de Estudiantes Secundarios (UES) como en la Juventud Universitaria Peronista (JUP), ambas ligadas a Montoneros, y fue secuestrado el 28 de junio de 1978 por un grupo de tareas de la ESMA.<\/p>\n\n\n\n<figure class=\"wp-block-image size-full\"><img loading=\"lazy\" decoding=\"async\" width=\"696\" height=\"434\" src=\"https:\/\/wp.digitaltv.com.ar\/wp-content\/uploads\/2022\/03\/24Marzo-Memoria-696x434-1.jpg\" alt=\"\" class=\"wp-image-860\" srcset=\"https:\/\/news.digitaltv.com.ar\/wp-content\/uploads\/2022\/03\/24Marzo-Memoria-696x434-1.jpg 696w, https:\/\/news.digitaltv.com.ar\/wp-content\/uploads\/2022\/03\/24Marzo-Memoria-696x434-1-300x187.jpg 300w\" sizes=\"auto, (max-width: 696px) 100vw, 696px\" \/><\/figure>\n\n\n\n<p>Joaqu\u00edn, que ten\u00eda 22 a\u00f1os al momento de su detenci\u00f3n, escrib\u00eda poes\u00eda en una libreta roja que fue conservada por su compa\u00f1era, Adela Segarra.<\/p>\n\n\n\n<p>Esos escritos fueron recopilados y reunidos en un libro hace unos a\u00f1os, y uno de esos poemas, titulado &#8220;Quisiera que me recuerden&#8221;, fue le\u00eddo por el fallecido expresidente N\u00e9stor Kirchner durante una visita a la Feria del Libro, en el a\u00f1o 2005.<\/p>\n\n\n\n<p>El hijo de Joaqu\u00edn, Jorge Areta, edit\u00f3 los poemas de su padre en dos ocasiones pero en esta oportunidad presentar\u00e1 junto a De Pedro su propio libro de poes\u00eda, que expresa el devenir de la historia argentina, con &#8220;una generaci\u00f3n ausente que comienza a perpetuarse en otras dos generaciones siguientes, ya no como recuerdo y memoria, sino como legado vivo y la posibilidad de escribir el futuro&#8221;, remarcaron desde la cartera de Interior.<\/p>\n\n\n\n<p>La presentaci\u00f3n del libro ser\u00e1 este mi\u00e9rcoles 23 de marzo a las 19hs en el Auditorio Jorge Luis Borges de la Biblioteca Nacional Mariano Moreno (Ag\u00fcero 2502, CABA).<\/p>\n","protected":false},"excerpt":{"rendered":"<p>El ministro del Interior, Eduardo &#8220;Wado&#8221; de Pedro, presentar\u00e1 este mi\u00e9rcoles en la Biblioteca Nacional el libro &#8220;El hijo del poeta&#8221;, escrito por Jorge Areta, hijo del poeta Joaqu\u00edn Enrique Areta, detenido desaparecido durante la \u00faltima dictadura c\u00edvico militar. El libro ser\u00e1 presentado en conjunto por De Pedro y el propio autor, en el marco [&hellip;]<\/p>\n","protected":false},"author":8,"featured_media":990,"comment_status":"open","ping_status":"open","sticky":false,"template":"","format":"standard","meta":{"_monsterinsights_skip_tracking":false,"_monsterinsights_sitenote_active":false,"_monsterinsights_sitenote_note":"","_monsterinsights_sitenote_category":0,"footnotes":""},"categories":[155],"tags":[160],"class_list":["post-989","post","type-post","status-publish","format-standard","has-post-thumbnail","hentry","category-cultura","tag-160"],"_links":{"self":[{"href":"https:\/\/news.digitaltv.com.ar\/index.php?rest_route=\/wp\/v2\/posts\/989","targetHints":{"allow":["GET"]}}],"collection":[{"href":"https:\/\/news.digitaltv.com.ar\/index.php?rest_route=\/wp\/v2\/posts"}],"about":[{"href":"https:\/\/news.digitaltv.com.ar\/index.php?rest_route=\/wp\/v2\/types\/post"}],"author":[{"embeddable":true,"href":"https:\/\/news.digitaltv.com.ar\/index.php?rest_route=\/wp\/v2\/users\/8"}],"replies":[{"embeddable":true,"href":"https:\/\/news.digitaltv.com.ar\/index.php?rest_route=%2Fwp%2Fv2%2Fcomments&post=989"}],"version-history":[{"count":2,"href":"https:\/\/news.digitaltv.com.ar\/index.php?rest_route=\/wp\/v2\/posts\/989\/revisions"}],"predecessor-version":[{"id":992,"href":"https:\/\/news.digitaltv.com.ar\/index.php?rest_route=\/wp\/v2\/posts\/989\/revisions\/992"}],"wp:featuredmedia":[{"embeddable":true,"href":"https:\/\/news.digitaltv.com.ar\/index.php?rest_route=\/wp\/v2\/media\/990"}],"wp:attachment":[{"href":"https:\/\/news.digitaltv.com.ar\/index.php?rest_route=%2Fwp%2Fv2%2Fmedia&parent=989"}],"wp:term":[{"taxonomy":"category","embeddable":true,"href":"https:\/\/news.digitaltv.com.ar\/index.php?rest_route=%2Fwp%2Fv2%2Fcategories&post=989"},{"taxonomy":"post_tag","embeddable":true,"href":"https:\/\/news.digitaltv.com.ar\/index.php?rest_route=%2Fwp%2Fv2%2Ftags&post=989"}],"curies":[{"name":"wp","href":"https:\/\/api.w.org\/{rel}","templated":true}]}}