{"id":993,"date":"2022-03-21T20:36:08","date_gmt":"2022-03-21T23:36:08","guid":{"rendered":"https:\/\/wp.digitaltv.com.ar\/?p=993"},"modified":"2022-03-21T20:36:09","modified_gmt":"2022-03-21T23:36:09","slug":"las-cuentas-del-estado-nacional-cerraron-febrero-con-un-deficit-de-76-283-millones","status":"publish","type":"post","link":"https:\/\/news.digitaltv.com.ar\/?p=993","title":{"rendered":"Las cuentas del Estado Nacional cerraron febrero con un d\u00e9ficit de $76.283 millones"},"content":{"rendered":"\n<p>Las cuentas del Estado nacional cerraron febrero con un d\u00e9ficit primario de $76.283 millones y uno financiero de $136.898 millones, inform\u00f3 hoy la Secretaria de Hacienda.<\/p>\n\n\n\n<p>\u201cEl resultado se explica por un incremento de los ingresos de 61,5% interanual y de 70% del gasto primario\u201d, destac\u00f3 el comunicado oficial.<\/p>\n\n\n\n<p>Los ingresos totales del Sector P\u00fablico Nacional (SPN) ascendieron a $846.031 millones; los ingresos tributarios crecieron 58,8% i.a impulsados principalmente por IVA, con un alza del 66,6%; Cr\u00e9ditos y D\u00e9bitos, 122,8%; y los ingresos asociados a la Seguridad Social, 63,9%.<\/p>\n\n\n\n<p>El gasto primario registr\u00f3 en febrero una suba de 70%, que asciende a 74,2% si se excluye el gasto Covid en 2021 y 2022.<\/p>\n\n\n\n<p>\u201cNuevamente la inversi\u00f3n de capital en combinaci\u00f3n con medidas de inclusi\u00f3n y contenci\u00f3n social impulsaron dicha expansi\u00f3n\u201d, dijo la Secretar\u00eda de Hacienda.<\/p>\n\n\n\n<p>De esta manera, al primer bimestre del a\u00f1o acumul\u00f3 un d\u00e9ficit primario de $92.982 millones y un d\u00e9ficit financiero de $287.563 millones<\/p>\n\n\n\n<p>El acuerdo con el fondo Monetario Internacional para renegociar unos US$ 44.500 millones contempla que el d\u00e9ficit fiscal debe bajar este a\u00f1o a 2,5% del PBI, desde el 3% que cerr\u00f3 en 2021, y retroceder a 1,9% en 2023.<\/p>\n","protected":false},"excerpt":{"rendered":"<p>Las cuentas del Estado nacional cerraron febrero con un d\u00e9ficit primario de $76.283 millones y uno financiero de $136.898 millones, inform\u00f3 hoy la Secretaria de Hacienda. \u201cEl resultado se explica por un incremento de los ingresos de 61,5% interanual y de 70% del gasto primario\u201d, destac\u00f3 el comunicado oficial. Los ingresos totales del Sector P\u00fablico [&hellip;]<\/p>\n","protected":false},"author":8,"featured_media":994,"comment_status":"open","ping_status":"open","sticky":false,"template":"","format":"standard","meta":{"_monsterinsights_skip_tracking":false,"_monsterinsights_sitenote_active":false,"_monsterinsights_sitenote_note":"","_monsterinsights_sitenote_category":0,"footnotes":""},"categories":[150,6],"tags":[],"class_list":["post-993","post","type-post","status-publish","format-standard","has-post-thumbnail","hentry","category-actualidad","category-politica"],"_links":{"self":[{"href":"https:\/\/news.digitaltv.com.ar\/index.php?rest_route=\/wp\/v2\/posts\/993","targetHints":{"allow":["GET"]}}],"collection":[{"href":"https:\/\/news.digitaltv.com.ar\/index.php?rest_route=\/wp\/v2\/posts"}],"about":[{"href":"https:\/\/news.digitaltv.com.ar\/index.php?rest_route=\/wp\/v2\/types\/post"}],"author":[{"embeddable":true,"href":"https:\/\/news.digitaltv.com.ar\/index.php?rest_route=\/wp\/v2\/users\/8"}],"replies":[{"embeddable":true,"href":"https:\/\/news.digitaltv.com.ar\/index.php?rest_route=%2Fwp%2Fv2%2Fcomments&post=993"}],"version-history":[{"count":1,"href":"https:\/\/news.digitaltv.com.ar\/index.php?rest_route=\/wp\/v2\/posts\/993\/revisions"}],"predecessor-version":[{"id":995,"href":"https:\/\/news.digitaltv.com.ar\/index.php?rest_route=\/wp\/v2\/posts\/993\/revisions\/995"}],"wp:featuredmedia":[{"embeddable":true,"href":"https:\/\/news.digitaltv.com.ar\/index.php?rest_route=\/wp\/v2\/media\/994"}],"wp:attachment":[{"href":"https:\/\/news.digitaltv.com.ar\/index.php?rest_route=%2Fwp%2Fv2%2Fmedia&parent=993"}],"wp:term":[{"taxonomy":"category","embeddable":true,"href":"https:\/\/news.digitaltv.com.ar\/index.php?rest_route=%2Fwp%2Fv2%2Fcategories&post=993"},{"taxonomy":"post_tag","embeddable":true,"href":"https:\/\/news.digitaltv.com.ar\/index.php?rest_route=%2Fwp%2Fv2%2Ftags&post=993"}],"curies":[{"name":"wp","href":"https:\/\/api.w.org\/{rel}","templated":true}]}}